{"id":97926,"date":"2025-05-09T21:30:13","date_gmt":"2025-05-09T21:30:13","guid":{"rendered":"https:\/\/www.europesays.com\/de\/97926\/"},"modified":"2025-05-09T21:30:13","modified_gmt":"2025-05-09T21:30:13","slug":"was-macht-die-kunst-hier-sind-unsere-tipps-machen-huehner-die-bessere-kunst","status":"publish","type":"post","link":"https:\/\/www.europesays.com\/de\/97926\/","title":{"rendered":"Was macht die Kunst? Hier sind unsere Tipps.: Machen H\u00fchner die bessere Kunst?"},"content":{"rendered":"<p>\t\t\t\t\t\t\t\t\t\t\t\t\t\t\t\t\t\t\t\t\t\t\t\t\t\t\t\t      \t\t            \t\t             \t\t\t\t   \t\t\t\t\t   <img decoding=\"async\" id=\"article-image\" fetchpriority=\"high\" alt=\"Was macht die Kunst? Hier sind unsere Tipps.: Machen H\u00fchner die bessere Kunst?\" title=\"Was macht die Kunst? Hier sind unsere Tipps.: Machen H\u00fchner die bessere Kunst?\" src=\"https:\/\/www.europesays.com\/de\/wp-content\/uploads\/2025\/05\/media.media.1b625656-aac6-4efd-bd87-01225a5f1608.16x9_700.jpg\" data-linkto=\"https:\/\/www.stuttgarter-nachrichten.de\/javascript:void(0);\"\/>\t\t\t\t\t\t\t\t\t\t\t\t\t\t\t\t\t\t\t\t\t\t\t\tEntsteht im Park Burg Lede in Bonn (Organisator: Sandro Parrotta): Georg Winters \u201eUSC Chicken Cam\u201c\u00a0Foto: Georg Winter\/Parrotta Contemporary\t\t\t<\/p>\n<p>In Bonn baut der Stuttgarter K\u00fcnstler Georg Winter eine \u201eUSC Chicken Cam\u201c, die deutsche Ausgabe der \u201eLe Monde diplomatique\u201c macht den Stuttgarter Maler Carlo Krone zum \u201eK\u00fcnstler des Monats\u201c. Und vor Ort? Hier sind unsere Tipps.<\/p>\n<p>Nikolai B. Forstbauer <\/p>\n<p>Kunst aus Stuttgart wird aktuell gern gesehen und zieht viel Publikum an \u2013 hier sind unsere Tipps. <\/p>\n<p>Georg Winters \u201eUSC Chicken Cam\u201c <\/p>\n<p>0711-Allianz: Der Stuttgarter Objekt- und Konzeptk\u00fcnstler <a href=\"https:\/\/www.hbksaar.de\/personen\/details\/winter\" target=\"_blank\" rel=\"nofollow noopener\">Georg Winter <\/a>arbeitet aktuell in <a href=\"https:\/\/www.stuttgarter-nachrichten.de\/thema\/Bonn\" title=\"Bonn\" class=\"art_thema\" rel=\"nofollow noopener\" target=\"_blank\">Bonn<\/a> an einem spektakul\u00e4ren Gro\u00dfprojekt \u2013 im Park der Burg Lede, durch den fr\u00fcheren Stuttgarter Galeristen Sandro Parrotta zur aktuellen Kunstb\u00fchne gemacht, baut Winter f\u00fcr das <a href=\"https:\/\/parrotta.de\/exhibitions\/looking-for-a-place-to-hide-bonn\/\" target=\"_blank\" rel=\"nofollow noopener\">Skulpturenprojekt \u201eLooking for a place to hide\u201c<\/a> (Er\u00f6ffnung: Samstag, 31. Mai, 16 Uhr) eine \u201eUSC Chicken Cam\u201c. Es entsteht ein H\u00fchnerstall in Form eines Fotoapparats. In diesen werden auch tats\u00e4chlich H\u00fchner einziehen \u2013 und t\u00e4glich ein Foto mit Selbstausl\u00f6ser produzieren. <\/p>\n<p>Peter Br\u00fcning-Er\u00f6ffnung am Sonntag  <\/p>\n<p>Viel zu fr\u00fch stirbt 1970 der Maler Peter Br\u00fcning. 1929 geboren, wird Br\u00fcning, der an der Stuttgarter Kunstakademie noch Willi Baumeister (1889\u20131955) als Lehrer w\u00e4hlt, von 1960 an zu einem der jungen Sterne am Kunsthimmel. \u201eLandschaft\u201c, notiert G\u00fcnter Baumann f\u00fcr das Team der <a href=\"https:\/\/www.schlichtenmaier.de\/logicio\/pmws\/index.php?client_id=schlichtenmaier&amp;page_id=daetzingen&amp;lang_iso639=de\" target=\"_blank\" rel=\"nofollow noopener\">Galerie Schlichtenmaier<\/a>, \u201egestaltete er aus dem konkreten Zeichenrepertoire der Stra\u00dfenkarten und der Informations\u00e4sthetik heraus\u201c. Welche Wirkung hat der \u201epoetische Funkenschlag seiner Bildsprache\u201c heute? Das l\u00e4sst sich \u00fcberpr\u00fcfen \u2013 am Sonntag, 11. Mai, er\u00f6ffnet die Galerie Schlichtenmaier am Stammsitz Schloss D\u00e4tzingen die Schau <a href=\"https:\/\/www.schlichtenmaier.de\/logicio\/pmws\/index.php?client_id=schlichtenmaier&amp;page_id=daetzingen&amp;lang_iso639=de\" target=\"_blank\" rel=\"nofollow noopener\">\u201ePeter Br\u00fcning \u2013 Vom Informel zur Information\u201c<\/a>. <\/p>\n<p>  <img decoding=\"async\" loading=\"lazy\" src=\"https:\/\/www.europesays.com\/de\/wp-content\/uploads\/2025\/05\/media.media.36a3bdf8-a6f4-4618-94f4-db00f086fa69.original1024.media.jpeg\"\/>     Bei Schlichtenmaier: Arbeiten von Peter Br\u00fcning    Foto: Peter Br\u00fcning\/VG Bild-Kunst, Bonn    Carlo Krone \u00fcberzeugt  <\/p>\n<p>Gl\u00fcckwunsch: Die deutsche Ausgabe der \u201eLe Monde diplomatique\u201c <a href=\"https:\/\/www.woz.ch\/\" target=\"_blank\" rel=\"nofollow noopener\"> hat den jungen Stuttgarter Maler <a href=\"https:\/\/www.galeriefuchs.de\/de\/carlo-krone-de.html\" target=\"_blank\" rel=\"nofollow noopener\">Carlo Krone <\/a>zum <a href=\"https:\/\/www.woz.ch\/lmd\/25-05\/carlo-krone\/!MF337V54N34\" target=\"_blank\" rel=\"nofollow noopener\">\u201eK\u00fcnstler des Monats\u201c<\/a> gek\u00fcrt. Krone, 2024 auf der Kunstmesse Art Karlsruhe \u00fcber die Pr\u00e4sentation der <a href=\"https:\/\/www.galeriefuchs.de\/de\/kuenstler.html\" target=\"_blank\" rel=\"nofollow noopener\">Stuttgarter Galerie Thomas Fuchs <\/a>mit dem Preis der Art Karlsruhe \u201ef\u00fcr die beste One Artist Show\u201c ausgezeichnet, gehe es, schreibt die \u201eLMd\u201c, \u201eum die Dialektik zwischen dem Minimalen und dem Maximalen, dem Trivialen und dem Abgr\u00fcndigen\u201c. An diesem Sonntag, 11. Mai, l\u00e4sst sich dies \u00fcberpr\u00fcfen \u2013 die <a href=\"https:\/\/www.ruoff-stiftung.de\/startseite\" target=\"_blank\" rel=\"nofollow noopener\">Ruoff-Stiftung in N\u00fcrtingen <\/a>(Schellingstra\u00dfe 12) zeigt die erste institutionelle Einzelausstellung von Carlo Krone \u2013 und die Kunsthistorikerin Constanze Halsband bietet um 15 Uhr eine F\u00fchrung an. <\/p>\n<p>  <img decoding=\"async\" loading=\"lazy\" src=\"https:\/\/www.europesays.com\/de\/wp-content\/uploads\/2025\/05\/media.media.5a6aaa31-fbef-4c56-a47f-83704028a84e.original1024.media.jpeg\"\/>     Carlo Krone in seinem Atelier    Foto: swr    Neue Ausstellungen in Stuttgart <\/p>\n<p>Neue Ausstellungen in Stuttgart? Gibt es zum Beispiel im Raum f\u00fcr Kunst von <a href=\"http:\/\/www.galerie-schacher.de\/\" target=\"_blank\" rel=\"nofollow noopener\">Marko Schacher<\/a> (Blumenstra\u00dfe 15) mit den eindringlichen Bildern von Shalva Gelitashvili. Besonders zu empfehlen: die durch den <a href=\"https:\/\/www.akademie-solitude.de\/en\/\" target=\"_blank\" rel=\"nofollow noopener\">Akademie-Solitude<\/a>-Stipendiaten <a href=\"https:\/\/www.akademie-solitude.de\/en\/person\/kenneth-boa-amponsem\/\" target=\"_blank\" rel=\"nofollow noopener\">Kenneth Boa-Amponsem<\/a> gemeinsam mit Ofili Ebube Sett erarbeitete Ausstellung<a href=\"https:\/\/www.strzelski.de\/\" target=\"_blank\" rel=\"nofollow noopener\"> \u201eHands that speak\u201c<\/a> in der Galerie Mario Strzelski (Roteb\u00fchlplatz 30). An diesem Samstag, 10. Mai, ist von 13 bis 16 Uhr ge\u00f6ffnet. Ein Muss. <\/p>\n","protected":false},"excerpt":{"rendered":"Entsteht im Park Burg Lede in Bonn (Organisator: Sandro Parrotta): Georg Winters \u201eUSC Chicken Cam\u201c\u00a0Foto: Georg Winter\/Parrotta Contemporary&hellip;\n","protected":false},"author":2,"featured_media":97927,"comment_status":"","ping_status":"","sticky":false,"template":"","format":"standard","meta":{"footnotes":""},"categories":[1830],"tags":[1634,1741,39527,3364,29,39530,39529,30,80,39528,39526,1441],"class_list":{"0":"post-97926","1":"post","2":"type-post","3":"status-publish","4":"format-standard","5":"has-post-thumbnail","7":"category-stuttgart","8":"tag-baden-wuerttemberg","9":"tag-bonn","10":"tag-burg-lede","11":"tag-de","12":"tag-deutschland","13":"tag-galerie-schlichtenmaier","14":"tag-georg-winter","15":"tag-germany","16":"tag-kultur","17":"tag-parrotta-contemporary","18":"tag-sandro-parrotta","19":"tag-stuttgart"},"share_on_mastodon":{"url":"https:\/\/pubeurope.com\/@de\/114480010002681795","error":""},"_links":{"self":[{"href":"https:\/\/www.europesays.com\/de\/wp-json\/wp\/v2\/posts\/97926","targetHints":{"allow":["GET"]}}],"collection":[{"href":"https:\/\/www.europesays.com\/de\/wp-json\/wp\/v2\/posts"}],"about":[{"href":"https:\/\/www.europesays.com\/de\/wp-json\/wp\/v2\/types\/post"}],"author":[{"embeddable":true,"href":"https:\/\/www.europesays.com\/de\/wp-json\/wp\/v2\/users\/2"}],"replies":[{"embeddable":true,"href":"https:\/\/www.europesays.com\/de\/wp-json\/wp\/v2\/comments?post=97926"}],"version-history":[{"count":0,"href":"https:\/\/www.europesays.com\/de\/wp-json\/wp\/v2\/posts\/97926\/revisions"}],"wp:featuredmedia":[{"embeddable":true,"href":"https:\/\/www.europesays.com\/de\/wp-json\/wp\/v2\/media\/97927"}],"wp:attachment":[{"href":"https:\/\/www.europesays.com\/de\/wp-json\/wp\/v2\/media?parent=97926"}],"wp:term":[{"taxonomy":"category","embeddable":true,"href":"https:\/\/www.europesays.com\/de\/wp-json\/wp\/v2\/categories?post=97926"},{"taxonomy":"post_tag","embeddable":true,"href":"https:\/\/www.europesays.com\/de\/wp-json\/wp\/v2\/tags?post=97926"}],"curies":[{"name":"wp","href":"https:\/\/api.w.org\/{rel}","templated":true}]}}