{"id":979487,"date":"2026-04-28T14:33:14","date_gmt":"2026-04-28T14:33:14","guid":{"rendered":"https:\/\/www.europesays.com\/de\/979487\/"},"modified":"2026-04-28T14:33:14","modified_gmt":"2026-04-28T14:33:14","slug":"80-jahre-bw-bienen-festwochenende-im-juni","status":"publish","type":"post","link":"https:\/\/www.europesays.com\/de\/979487\/","title":{"rendered":"80 Jahre BW Bienen: Festwochenende im Juni"},"content":{"rendered":"<p class=\"text_ohne_einzug richtext text-em-55 !leading-serif mx-6 desktop:mx-0\"> Auch wenn die Jahreshauptversammlung von Blau\u2011Wei\u00df Bienen diesmal nicht so gut wie sonst besucht war, konnte Vorsitzender Lothar Becker zahlreiche Mitglieder begr\u00fc\u00dfen. Im Mittelpunkt der Versammlung standen die turnusm\u00e4\u00dfigen Vorstandswahlen. Der Vorstand wurde im Prinzip wiedergew\u00e4hlt, was die Zufriedenheit der Mitglieder mit der geleisteten Arbeit widerspiegelte. Der bisherige Kassierer Stefan Tillmann sowie Georg Snelting als Beisitzer standen nicht mehr zur Wahl. Ihnen wurde f\u00fcr ihr gro\u00dfes Engagement \u00fcber zum Teil mehr als 20 Jahre mit einem kleinen Pr\u00e4sent gedankt, zum neuen Kassierer wurde Marcus Becker einstimmig gew\u00e4hlt.<\/p>\n<p class=\"richtext text-em-55 !leading-serif mx-6 desktop:mx-0\">Ein weiterer Tagesordnungspunkt galt einem nahenden H\u00f6hepunkt des Vereinsjahres: Blau\u2011Wei\u00df Bienen kann schon bald ein besonderes Jubil\u00e4um feiern, denn der Verein wird 80 Jahre alt. Die Anwesenden zeigten sich erfreut \u00fcber dieses runde Jubil\u00e4um und blickten gespannt auf die geplanten Feierlichkeiten. Das Festwochenende (12. bis 14 Juni) startet mit einem Alt-Herren-Turnier, anschlie\u00dfend gibt es im Festzelt am Sportplatz Live-Musik und es kann gefeiert werden. Der Samstag, 13. Juni, steht vormittags im Zeichen des Jugendfu\u00dfballs und nachmittags der Senioren-Mannschaften. Am Sonntag, 13. Juni, gibt es diverse Angebote der anderen Vereine in Bienen, am Nachmittag findet ein Legendenspiel statt zwischen Blau-Wei\u00df und dem VfL <a href=\"https:\/\/rp-online.de\/thema\/bochum\/\" rel=\"nofollow noopener\" target=\"_blank\">Bochum<\/a>.<\/p>\n<p class=\"richtext text-em-55 !leading-serif mx-6 desktop:mx-0\">In seinem Bericht blickte Vorsitzender Lothar Becker auf das vergangene Vereinsjahr zur\u00fcck. Die Mitglieder erhielten ausf\u00fchrliche Informationen aus der Jugend- und der Seniorenabteilung, ebenso einen Ausblick auf geplante Aktionen. Beide Abteilungen berichteten \u00fcber ihre Aktivit\u00e4ten, sportlichen Ergebnisse und die Entwicklung innerhalb des Vereins.<\/p>\n<p class=\"richtext text-em-55 !leading-serif mx-6 desktop:mx-0\">Zum Abschluss der Jahreshauptversammlung dankte Lothar Becker allen Mitgliedern, Ehrenamtlichen und Unterst\u00fctzern f\u00fcr ihr Engagement, verbunden mit der Hoffnung, dass sich auch weiterhin Leute finden, die sich bei BW Bienen engagieren.<\/p>\n","protected":false},"excerpt":{"rendered":"Auch wenn die Jahreshauptversammlung von Blau\u2011Wei\u00df Bienen diesmal nicht so gut wie sonst besucht war, konnte Vorsitzender Lothar&hellip;\n","protected":false},"author":2,"featured_media":979488,"comment_status":"","ping_status":"","sticky":false,"template":"","format":"standard","meta":{"footnotes":"","_share_on_mastodon":"0"},"categories":[1839],"tags":[45890,212309,7507,3364,29,14967,30,30832,27781,212311,212310,1209,10434,210336,5962,42697],"class_list":["post-979487","post","type-post","status-publish","format-standard","has-post-thumbnail","category-bochum","tag-bienen","tag-blauaeweiay","tag-bochum","tag-de","tag-deutschland","tag-engagement","tag-germany","tag-jahreshauptversammlung","tag-jubilaum","tag-kassierer","tag-marcus-becker","tag-nordrhein-westfalen","tag-verein","tag-vereinsjahr","tag-versammlung","tag-vorsitzende"],"share_on_mastodon":{"url":"https:\/\/pubeurope.com\/@de\/116482828544452750","error":""},"_links":{"self":[{"href":"https:\/\/www.europesays.com\/de\/wp-json\/wp\/v2\/posts\/979487","targetHints":{"allow":["GET"]}}],"collection":[{"href":"https:\/\/www.europesays.com\/de\/wp-json\/wp\/v2\/posts"}],"about":[{"href":"https:\/\/www.europesays.com\/de\/wp-json\/wp\/v2\/types\/post"}],"author":[{"embeddable":true,"href":"https:\/\/www.europesays.com\/de\/wp-json\/wp\/v2\/users\/2"}],"replies":[{"embeddable":true,"href":"https:\/\/www.europesays.com\/de\/wp-json\/wp\/v2\/comments?post=979487"}],"version-history":[{"count":0,"href":"https:\/\/www.europesays.com\/de\/wp-json\/wp\/v2\/posts\/979487\/revisions"}],"wp:featuredmedia":[{"embeddable":true,"href":"https:\/\/www.europesays.com\/de\/wp-json\/wp\/v2\/media\/979488"}],"wp:attachment":[{"href":"https:\/\/www.europesays.com\/de\/wp-json\/wp\/v2\/media?parent=979487"}],"wp:term":[{"taxonomy":"category","embeddable":true,"href":"https:\/\/www.europesays.com\/de\/wp-json\/wp\/v2\/categories?post=979487"},{"taxonomy":"post_tag","embeddable":true,"href":"https:\/\/www.europesays.com\/de\/wp-json\/wp\/v2\/tags?post=979487"}],"curies":[{"name":"wp","href":"https:\/\/api.w.org\/{rel}","templated":true}]}}