{"id":979780,"date":"2026-04-28T17:12:15","date_gmt":"2026-04-28T17:12:15","guid":{"rendered":"https:\/\/www.europesays.com\/de\/979780\/"},"modified":"2026-04-28T17:12:15","modified_gmt":"2026-04-28T17:12:15","slug":"wuelfrath-sozialdezernentin-michaele-berster-plant-ruhestand","status":"publish","type":"post","link":"https:\/\/www.europesays.com\/de\/979780\/","title":{"rendered":"W\u00fclfrath: Sozialdezernentin Michaele Berster plant Ruhestand"},"content":{"rendered":"<p class=\"text_ohne_einzug richtext text-em-55 !leading-serif mx-6 desktop:mx-0\">Die Leiterin des Dezernats f\u00fcr Soziales, Kultur, Schule und Sport, Michaele Berster, will zum 31. Dezember dieses Jahres in den Ruhestand gehen. Das teilt die Stadtverwaltung mit.<\/p>\n<p class=\"richtext text-em-55 !leading-serif mx-6 desktop:mx-0\">Berster l\u00e4sst wissen, dass sie bis zu diesem Zeitpunkt ihr Dezernat \u201eweiterhin mit vollem Engagement f\u00fchren\u201c werde. Auch die Leitung des Technischen Dezernats, die sie zus\u00e4tzlich seit November 2025 kommissarisch \u00fcbernommen hat, werde sie \u2013 sofern nicht zwischenzeitlich eine Stellenbesetzung erfolgen sollte \u2013 bis zu ihrem Austritt fortf\u00fchren, hei\u00dft es aus dem Rathaus: \u201eIhr ist ein besonderes Anliegen, bis zu diesem Zeitpunkt Kontinuit\u00e4t und Stabilit\u00e4t f\u00fcr Mitarbeitende, Verwaltung und laufende Projekte sicherzustellen.\u201c<\/p>\n<p class=\"richtext text-em-55 !leading-serif mx-6 desktop:mx-0\">B\u00fcrgermeister Sebastian Schorn kommentierte die Nachricht: \u201eMichaele Berster begleitet unsere Verwaltung seit 42 Jahren fachlich herausragend und mit gro\u00dfem Verantwortungsbewusstsein sowie menschlicher St\u00e4rke. Ihr angek\u00fcndigter Eintritt in den Ruhestand bedeutet f\u00fcr uns einen enormen Verlust. Gleichzeitig bin ich dankbar, dass sie beide Dezernate bis Ende 2026 weiterhin verl\u00e4sslich begleiten wird.\u201c<\/p>\n<p class=\"richtext text-em-55 !leading-serif mx-6 desktop:mx-0\">Die Stadt werde die Nachfolge \u201efr\u00fchzeitig und verantwortungsvoll vorbereiten, um einen geordneten \u00dcbergang sowie eine sorgf\u00e4ltige Einarbeitung sicherzustellen\u201c. Damit setze die Verwaltung bewusst auf Planungssicherheit, Stabilit\u00e4t und eine starke Zukunftsperspektive. Die Ausschreibung soll in K\u00fcrze erfolgen.<\/p>\n<p class=\"richtext text-em-55 !leading-serif mx-6 desktop:mx-0\">Ihr Amt als Leiterin des Sozialdezernats trat Michaele Berster mit Jahresbeginn 2016 in Nachfolge von Hans-Werner van Hueth an. Zuvor hatte sie knapp acht Jahre lang das st\u00e4dtische Jugendamt geleitet und war stellvertretende Dezernatsleiterin. Als Sozialp\u00e4dagogin kam Berster 1984 zum Jugendamt, um f\u00fcnf Jahre sp\u00e4ter die Leitung des Jugendhauses zu \u00fcbernehmen.<\/p>\n","protected":false},"excerpt":{"rendered":"Die Leiterin des Dezernats f\u00fcr Soziales, Kultur, Schule und Sport, Michaele Berster, will zum 31. Dezember dieses Jahres&hellip;\n","protected":false},"author":2,"featured_media":979781,"comment_status":"","ping_status":"","sticky":false,"template":"","format":"standard","meta":{"footnotes":"","_share_on_mastodon":"0"},"categories":[1840],"tags":[187535,3364,29,56843,212359,30,28432,29850,21442,212358,1209,8435,212360,7557,17075,27167,4418],"class_list":["post-979780","post","type-post","status-publish","format-standard","has-post-thumbnail","category-wuppertal","tag-berster","tag-de","tag-deutschland","tag-dezernat","tag-dezernatsleiterin","tag-germany","tag-jugendamt","tag-leiterin","tag-leitung","tag-michaele","tag-nordrhein-westfalen","tag-ruhestand","tag-sozialdezernats","tag-stadtverwaltung","tag-verwaltung","tag-wuelfrath","tag-wuppertal"],"share_on_mastodon":{"url":"https:\/\/pubeurope.com\/@de\/116483453549713234","error":""},"_links":{"self":[{"href":"https:\/\/www.europesays.com\/de\/wp-json\/wp\/v2\/posts\/979780","targetHints":{"allow":["GET"]}}],"collection":[{"href":"https:\/\/www.europesays.com\/de\/wp-json\/wp\/v2\/posts"}],"about":[{"href":"https:\/\/www.europesays.com\/de\/wp-json\/wp\/v2\/types\/post"}],"author":[{"embeddable":true,"href":"https:\/\/www.europesays.com\/de\/wp-json\/wp\/v2\/users\/2"}],"replies":[{"embeddable":true,"href":"https:\/\/www.europesays.com\/de\/wp-json\/wp\/v2\/comments?post=979780"}],"version-history":[{"count":0,"href":"https:\/\/www.europesays.com\/de\/wp-json\/wp\/v2\/posts\/979780\/revisions"}],"wp:featuredmedia":[{"embeddable":true,"href":"https:\/\/www.europesays.com\/de\/wp-json\/wp\/v2\/media\/979781"}],"wp:attachment":[{"href":"https:\/\/www.europesays.com\/de\/wp-json\/wp\/v2\/media?parent=979780"}],"wp:term":[{"taxonomy":"category","embeddable":true,"href":"https:\/\/www.europesays.com\/de\/wp-json\/wp\/v2\/categories?post=979780"},{"taxonomy":"post_tag","embeddable":true,"href":"https:\/\/www.europesays.com\/de\/wp-json\/wp\/v2\/tags?post=979780"}],"curies":[{"name":"wp","href":"https:\/\/api.w.org\/{rel}","templated":true}]}}