{"id":980001,"date":"2026-04-28T19:18:18","date_gmt":"2026-04-28T19:18:18","guid":{"rendered":"https:\/\/www.europesays.com\/de\/980001\/"},"modified":"2026-04-28T19:18:18","modified_gmt":"2026-04-28T19:18:18","slug":"koeln-nach-todesrennen-auf-a555","status":"publish","type":"post","link":"https:\/\/www.europesays.com\/de\/980001\/","title":{"rendered":"K\u00f6ln: Nach Todesrennen auf A555"},"content":{"rendered":"<p>Mutter und Tochter starben <\/p>\n<p>Nach Todesrennen auf A555: Verurteilte gehen in Revision<\/p>\n<p>28.04.2026 &#8211; 18:30 UhrLesedauer: 1 Min.<\/p>\n<p><a href=\"#focus-0\" class=\"transition-colors duration-200 block text-current relative\" data-sctrack=\"FocusGalleryImage.Reference\"><img fetchpriority=\"high\" data-testid=\"Opener.Image\" style=\"--lqipURL:url('https:\/\/images.t-online.de\/2026\/04\/qNBHvdHsvRBR\/0x75:800x450\/fit-in\/150x0\/filters:blur(25)\/image.jpg')\"   loading=\"eager\" src=\"https:\/\/www.europesays.com\/de\/wp-content\/uploads\/2026\/04\/1777403897_282_image.jpg\" alt=\"urn:newsml:dpa.com:20090101:260428-935-1308555\" title=\"urn:newsml:dpa.com:20090101:260428-935-1308555\" width=\"800\" height=\"450\" class=\"bg-[url:var(--lqipURL)] bg-cover bg-center flex h-full w-full max-w-full\" decoding=\"async\"\/><img style=\"--width:32;--height:32\" loading=\"lazy\" src=\"https:\/\/www.t-online.de\/s\/paper\/_next\/static\/media\/zoom-in.f7dae02f.svg\" alt=\"Vergr\u00f6\u00dfern des Bildes\" title=\"Vergr\u00f6\u00dfern des Bildes\" class=\"block h-[calc(var(--height)_\/_16_*_1rem)] w-[calc(var(--width)_\/_16_*_1rem)] max-w-none absolute bottom-8 right-8 rounded-4 bg-snow p-8\" decoding=\"async\"\/><\/a><\/p>\n<p>Blick auf das Landgericht K\u00f6ln: Nach dem A555-Raserprozess geht der Fall nun zum BGH. (Quelle: Rolf Vennenbernd)<\/p>\n<p class=\"font-bold text-18 leading-17 user-text-lg:text-22 user-text-xl:text-24\">Nach dem t\u00f6dlichen Autorennen auf der A555 legen zwei Verurteilte Revision ein. Jetzt muss sich der Bundesgerichtshof mit dem Fall befassen.<\/p>\n<p class=\"text-18 leading-17 user-text-lg:text-22 user-text-xl:text-24\">Zwei junge M\u00e4nner haben nach einem t\u00f6dlichen <a class=\"transition-colors duration-200 cursor-pointer text-inherit no-underline text-salemsfur md:hover:text-magenta md:hover:border-magenta md:focus:text-magenta border-current border-b border-solid break-words\" data-tracking=\"{&quot;action&quot;:&quot;click&quot;,&quot;category&quot;:&quot;intextLink&quot;,&quot;label&quot;:&quot;\/themen\/autorennen\/&quot;}\" href=\"https:\/\/www.t-online.de\/themen\/autorennen\/\" data-sctrack=\"BodyAnchor\" rel=\"nofollow noopener\" target=\"_blank\">Autorennen<\/a> auf der A555 zwischen <a class=\"transition-colors duration-200 cursor-pointer text-inherit no-underline text-salemsfur md:hover:text-magenta md:hover:border-magenta md:focus:text-magenta border-current border-b border-solid break-words\" data-tracking=\"{&quot;action&quot;:&quot;click&quot;,&quot;category&quot;:&quot;intextLink&quot;,&quot;label&quot;:&quot;https:\/\/koeln.t-online.de\/region\/koeln\/&quot;}\" href=\"https:\/\/koeln.t-online.de\/region\/koeln\/\" data-sctrack=\"BodyAnchor\" rel=\"nofollow noopener\" target=\"_blank\">K\u00f6ln<\/a> und <a class=\"transition-colors duration-200 cursor-pointer text-inherit no-underline text-salemsfur md:hover:text-magenta md:hover:border-magenta md:focus:text-magenta border-current border-b border-solid break-words\" data-tracking=\"{&quot;action&quot;:&quot;click&quot;,&quot;category&quot;:&quot;intextLink&quot;,&quot;label&quot;:&quot;https:\/\/bonn.t-online.de\/region\/bonn\/&quot;}\" href=\"https:\/\/bonn.t-online.de\/region\/bonn\/\" data-sctrack=\"BodyAnchor\" rel=\"nofollow noopener\" target=\"_blank\">Bonn<\/a> Revision gegen ein Urteil des Landgerichts K\u00f6ln eingelegt. Das best\u00e4tigte Gerichtssprecher Hans Logemann auf Anfrage. Damit wird sich nun der <a class=\"transition-colors duration-200 cursor-pointer text-inherit no-underline text-salemsfur md:hover:text-magenta md:hover:border-magenta md:focus:text-magenta border-current border-b border-solid break-words\" data-tracking=\"{&quot;action&quot;:&quot;click&quot;,&quot;category&quot;:&quot;intextLink&quot;,&quot;label&quot;:&quot;\/themen\/bgh\/&quot;}\" href=\"https:\/\/www.t-online.de\/themen\/bgh\/\" data-sctrack=\"BodyAnchor\" rel=\"nofollow noopener\" target=\"_blank\">Bundesgerichtshof<\/a> mit dem Fall befassen.<\/p>\n<p class=\"text-18 leading-17 user-text-lg:text-22 user-text-xl:text-24\">Das Landgericht hatte die beiden heute 22-J\u00e4hrigen in der vergangenen Woche nach Jugendstrafrecht zu f\u00fcnf Jahren sowie viereinhalb Jahren Haft verurteilt. Die Strafen lagen \u00fcber den Forderungen der Staatsanwaltschaft.<\/p>\n<p class=\"text-18 leading-17 user-text-lg:text-22 user-text-xl:text-24\">Nach \u00dcberzeugung des Gerichts lieferten sich die M\u00e4nner im Dezember 2023 sp\u00e4tabends ein illegales Rennen auf der Autobahn 555. Bei Dunkelheit fuhren sie mit bis zu 200 km\/h in Richtung Bonn. Eines der hochmotorisierten Fahrzeuge rammte dabei einen Kleinwagen.<\/p>\n<p class=\"text-18 leading-17 user-text-lg:text-22 user-text-xl:text-24\">In dem Wagen sa\u00dfen eine Mutter und ihre 23-j\u00e4hrige Tochter. Ihr Auto explodierte nach dem Aufprall. Beide Frauen starben noch am Unfallort.<\/p>\n<p class=\"text-18 leading-17 user-text-lg:text-22 user-text-xl:text-24\">Der Vorsitzende Richter stellte im Urteil klar, es habe sich nicht um einen tragischen Unfall gehandelt. Vielmehr seien zwei Menschen Opfer eines Verbrechens geworden. Ziel der Fahrt sei gewesen, den Schnelleren zu ermitteln.<\/p>\n<p class=\"text-18 leading-17 user-text-lg:text-22 user-text-xl:text-24\">Die Staatsanwaltschaft hatte zuvor Haftstrafen von drei Jahren sowie zwei Jahren und acht Monaten gefordert. Die Verteidigung pl\u00e4dierte in einem Fall auf Freispruch, hilfsweise auf eine Bew\u00e4hrungsstrafe, im anderen ebenfalls auf Bew\u00e4hrung.<\/p>\n","protected":false},"excerpt":{"rendered":"Mutter und Tochter starben Nach Todesrennen auf A555: Verurteilte gehen in Revision 28.04.2026 &#8211; 18:30 UhrLesedauer: 1 Min.&hellip;\n","protected":false},"author":2,"featured_media":980002,"comment_status":"","ping_status":"","sticky":false,"template":"","format":"standard","meta":{"footnotes":"","_share_on_mastodon":"0"},"categories":[1828],"tags":[722,513,4188,1741,6644,29,30,212407,1420,2800,1209,1997,212406],"class_list":["post-980001","post","type-post","status-publish","format-standard","has-post-thumbnail","category-koeln","tag-722","tag-auto","tag-autorennen","tag-bonn","tag-bundesgerichtshof","tag-deutschland","tag-germany","tag-hans-logemann","tag-koeln","tag-landgericht-koeln","tag-nordrhein-westfalen","tag-staatsanwaltschaft","tag-todesrennen"],"share_on_mastodon":{"url":"https:\/\/pubeurope.com\/@de\/116483949293175125","error":""},"_links":{"self":[{"href":"https:\/\/www.europesays.com\/de\/wp-json\/wp\/v2\/posts\/980001","targetHints":{"allow":["GET"]}}],"collection":[{"href":"https:\/\/www.europesays.com\/de\/wp-json\/wp\/v2\/posts"}],"about":[{"href":"https:\/\/www.europesays.com\/de\/wp-json\/wp\/v2\/types\/post"}],"author":[{"embeddable":true,"href":"https:\/\/www.europesays.com\/de\/wp-json\/wp\/v2\/users\/2"}],"replies":[{"embeddable":true,"href":"https:\/\/www.europesays.com\/de\/wp-json\/wp\/v2\/comments?post=980001"}],"version-history":[{"count":0,"href":"https:\/\/www.europesays.com\/de\/wp-json\/wp\/v2\/posts\/980001\/revisions"}],"wp:featuredmedia":[{"embeddable":true,"href":"https:\/\/www.europesays.com\/de\/wp-json\/wp\/v2\/media\/980002"}],"wp:attachment":[{"href":"https:\/\/www.europesays.com\/de\/wp-json\/wp\/v2\/media?parent=980001"}],"wp:term":[{"taxonomy":"category","embeddable":true,"href":"https:\/\/www.europesays.com\/de\/wp-json\/wp\/v2\/categories?post=980001"},{"taxonomy":"post_tag","embeddable":true,"href":"https:\/\/www.europesays.com\/de\/wp-json\/wp\/v2\/tags?post=980001"}],"curies":[{"name":"wp","href":"https:\/\/api.w.org\/{rel}","templated":true}]}}