{"id":980104,"date":"2026-04-28T20:14:13","date_gmt":"2026-04-28T20:14:13","guid":{"rendered":"https:\/\/www.europesays.com\/de\/980104\/"},"modified":"2026-04-28T20:14:13","modified_gmt":"2026-04-28T20:14:13","slug":"aufruhr-wegen-bauprojekts-bornheim","status":"publish","type":"post","link":"https:\/\/www.europesays.com\/de\/980104\/","title":{"rendered":"Aufruhr wegen Bauprojekts &#8211; Bornheim"},"content":{"rendered":"<p class=\"rhp-dpa-teaser\"><b>An der Wiesenstra\u00dfe in Bornheim sollen Seniorenwohnungen und neue H\u00e4user f\u00fcr Familien entstehen. Ein Projekt l\u00e4uft ruhig, das andere sorgt f\u00fcr Protest.<\/b><\/p>\n<p> <a class=\"rtr-entity\" data-rtr-entity=\"Bornheim\" data-rtr-id=\"cf327e52827af4741345fc0cc6a1eb8f83c2443f\" data-rtr-score=\"76.44683808200139\" data-rtr-etype=\"location\" data-rtr-index=\"12\" href=\"https:\/\/www.rheinpfalz.de\/themen\/bornheim?utm_source=rheinpfalz.de&amp;utm_medium=tms&amp;utm_campaign=intext\" rel=\"nofollow noopener\" target=\"_blank\">Bornheim<\/a><\/p>\n<p> soll wachsen. Gleich zwei Bauprojekte sind im Pf\u00e4lzer Dorf geplant, die nichts miteinander zu tun haben, au\u00dfer dass sie sich an einer \u00e4hnlichen Stelle des Ortes befinden und zu einer \u00e4hnlichen Zeit realisiert werden d\u00fcrften. Standort der beiden Vorhaben ist die Wiesenstra\u00dfe,<\/p>\n<p class=\"rhp-teaser\"><b>An der Wiesenstra\u00dfe in Bornheim sollen Seniorenwohnungen und neue H\u00e4user f\u00fcr Familien entstehen. Ein Projekt l\u00e4uft ruhig, das andere sorgt f\u00fcr Protest.<\/b><\/p>\n","protected":false},"excerpt":{"rendered":"An der Wiesenstra\u00dfe in Bornheim sollen Seniorenwohnungen und neue H\u00e4user f\u00fcr Familien entstehen. Ein Projekt l\u00e4uft ruhig, das&hellip;\n","protected":false},"author":2,"featured_media":980105,"comment_status":"","ping_status":"","sticky":false,"template":"","format":"standard","meta":{"footnotes":"","_share_on_mastodon":"0"},"categories":[1842],"tags":[5632,1741,3364,29,212429,16950,30,4060,1209,30446],"class_list":["post-980104","post","type-post","status-publish","format-standard","has-post-thumbnail","category-bonn","tag-bornheim","tag-bonn","tag-de","tag-deutschland","tag-elke-thomas","tag-freie-waehler","tag-germany","tag-lokal","tag-nordrhein-westfalen","tag-rheinpfalz"],"share_on_mastodon":{"url":"","error":""},"_links":{"self":[{"href":"https:\/\/www.europesays.com\/de\/wp-json\/wp\/v2\/posts\/980104","targetHints":{"allow":["GET"]}}],"collection":[{"href":"https:\/\/www.europesays.com\/de\/wp-json\/wp\/v2\/posts"}],"about":[{"href":"https:\/\/www.europesays.com\/de\/wp-json\/wp\/v2\/types\/post"}],"author":[{"embeddable":true,"href":"https:\/\/www.europesays.com\/de\/wp-json\/wp\/v2\/users\/2"}],"replies":[{"embeddable":true,"href":"https:\/\/www.europesays.com\/de\/wp-json\/wp\/v2\/comments?post=980104"}],"version-history":[{"count":0,"href":"https:\/\/www.europesays.com\/de\/wp-json\/wp\/v2\/posts\/980104\/revisions"}],"wp:featuredmedia":[{"embeddable":true,"href":"https:\/\/www.europesays.com\/de\/wp-json\/wp\/v2\/media\/980105"}],"wp:attachment":[{"href":"https:\/\/www.europesays.com\/de\/wp-json\/wp\/v2\/media?parent=980104"}],"wp:term":[{"taxonomy":"category","embeddable":true,"href":"https:\/\/www.europesays.com\/de\/wp-json\/wp\/v2\/categories?post=980104"},{"taxonomy":"post_tag","embeddable":true,"href":"https:\/\/www.europesays.com\/de\/wp-json\/wp\/v2\/tags?post=980104"}],"curies":[{"name":"wp","href":"https:\/\/api.w.org\/{rel}","templated":true}]}}