{"id":980135,"date":"2026-04-28T20:33:20","date_gmt":"2026-04-28T20:33:20","guid":{"rendered":"https:\/\/www.europesays.com\/de\/980135\/"},"modified":"2026-04-28T20:33:20","modified_gmt":"2026-04-28T20:33:20","slug":"uefa-conference-league-finale-in-leipzig-halligalli-mit-pokal-%c2%b7-leipziger-zeitung","status":"publish","type":"post","link":"https:\/\/www.europesays.com\/de\/980135\/","title":{"rendered":"UEFA Conference League Finale in Leipzig: Halligalli mit Pokal \u00b7 Leipziger Zeitung"},"content":{"rendered":"<p>Pokal-Gucken war angesagt am gestrigen Montag auf dem Leipziger Marktplatz. F\u00fcr einige Stunden gab\u2019s dort die echte Troph\u00e4e der UEFA Conference League zu sehen. Nicht etwa weil eine Leipziger Mannschaft diese gewonnen h\u00e4tte, sondern weil am 27. Mai das Finale in der Messestadt ausgetragen wird. Zur Feier dieses Anlasses richtet die Stadt dann drei Tage lang ein gro\u00dfes Fan Festival aus. Bei einem Pressegespr\u00e4ch wurden das Programm vorgestellt.<\/p>\n<p>Vier Teams sind noch im Rennen um die j\u00fcngste Troph\u00e4e im europ\u00e4ischen Klubfu\u00dfball, die nun auf ihren f\u00fcnften Sieger wartet. Am kommenden Donnerstag finden aber zun\u00e4chst erstmal die Halbfinal-Hinspiele statt. Shakhtar Donetsk (Ukraine) steht dann dem Londoner Team vom Crystal Palace FC gegen\u00fcber und Rayo Vallecano de Madrid (Spanien) trifft auf RC Strasbourg Alsace (Frankreich). Letztere hatten im Viertelfinale den deutschen Vertreter FSV Mainz 05 aus dem Wettbewerb gekegelt.<img decoding=\"async\" src=\"https:\/\/www.europesays.com\/de\/wp-content\/uploads\/2026\/04\/03ff296518f044f0a1cc7ed2d8ef22aa.gif\" alt=\"\" width=\"https:\/\/www.l-iz.de\/sport\/fussball\/2026\/04\/1\" height=\"https:\/\/www.l-iz.de\/sport\/fussball\/2026\/04\/1\"\/><\/p>\n<p>Gel\u00e4nge Crystal Palace der Triumph, w\u00fcrden sie den Cup quasi zu dessen Ursprungsort \u201eheimholen\u201c. Denn entworfen worden war das knapp 60 Zentimeter hohe und 11 Kilogramm schwere Schmuckst\u00fcck im Londoner Studio Pentagram, also nur rund 16 Kilometer vom Stadion der Fu\u00dfballer entfernt. Aus 32 sechseckigen Streben besteht der Pokal, die jedes Team der Gruppenphase symbolisieren. Die geschwungene Form dieser silbergl\u00e4nzenden Streben ist von der Flugbahn eines Fu\u00dfballs auf seinem Weg zum Tor inspiriert. Und wer die gestrige Gelegenheit zum Selfie mit Pokal verpasst haben sollte, bekommt vom 25. bis 27. Mai eine zweite Chance \u2013 beim <a href=\"https:\/\/www.leipzig.de\/kultur-und-freizeit\/sport\/uefa-conference-league-finale-2026\" target=\"_blank\" rel=\"noopener nofollow\">Fan Festival auf dem Marktplatz<\/a>.<\/p>\n<p><a href=\"https:\/\/www.l-iz.de\/wp-content\/uploads\/2026\/04\/Pokal-Conference_League-Leipzig-Jan_Kaefer-00003013.jpg\" rel=\"nofollow noopener\" target=\"_blank\"><img loading=\"lazy\" decoding=\"async\" class=\"size-large wp-image-655455\" src=\"https:\/\/www.europesays.com\/de\/wp-content\/uploads\/2026\/04\/Pokal-Conference_League-Leipzig-Jan_Kaefer-00003013-698x465.jpg\" alt=\"\" width=\"698\" height=\"465\"  \/><\/a>Die Troph\u00e4e der UEFA Conference League wird auf dem Marktplatz des Final-Spielortes Leipzig pr\u00e4sentiert, 27.04.26.<\/p>\n<p>Denn das Fu\u00dfball-Finale sei f\u00fcr Leipzig nicht einfach nur eine Sportveranstaltung, sondern man wolle die ganze Stadt mitnehmen, bekr\u00e4ftigt Dirk Deumeland, Prokurist der Messe-Tochter FAIRNET GmbH. \u201eDeshalb machen wir daraus ein Familienfest, ein Fest f\u00fcr Leipzig, f\u00fcr den Fu\u00dfball, aber auch f\u00fcr jeden, der daran teilnehmen will. Man muss kein ausgewiesener Fu\u00dfballfan sein, um hier Spa\u00df haben zu k\u00f6nnen.\u201c Die Partyfl\u00e4che wird frei und kostenlos zug\u00e4nglich sein, es gibt also kein Einlass-Prozedere.<\/p>\n<p>Los geht\u2019s am 25. Mai \u2013 also am Pfingstmontag \u2013 um 10 Uhr mit dem Familientag (\u201eein wunderbares Familienprogramm\u201c). Die Kinderbands herrH (15 Uhr) und Heavysaurus (16:30 Uhr\/ \u201ehammerm\u00e4\u00dfige Rockmusik von und f\u00fcr Kinder und Jugendliche\u201c) fegen \u00fcber die B\u00fchne. Zwischendrin, um 16 Uhr, findet die offizielle Er\u00f6ffnung des Festes statt. Sport-B\u00fcrgermeister Heiko Rosenthal (Die Linke) talkt dabei mit DFB-Vize Hermann Winkler und Ex-Torh\u00fcter Ren\u00e9 Adler, der als UEFA Conference League-Botschafter fungiert.<\/p>\n<p><a href=\"https:\/\/www.l-iz.de\/wp-content\/uploads\/2026\/04\/PK-Fanfest-Conference_League-Jan_Kaefer-00003099.jpg\" rel=\"nofollow noopener\" target=\"_blank\"><img loading=\"lazy\" decoding=\"async\" class=\"size-large wp-image-655464\" src=\"https:\/\/www.europesays.com\/de\/wp-content\/uploads\/2026\/04\/PK-Fanfest-Conference_League-Jan_Kaefer-00003099-698x465.jpg\" alt=\"\" width=\"698\" height=\"465\"  \/><\/a>Sport-B\u00fcrgermeister Heiko Rosenthal (Die Linke), Stefan Schedler (Stadt Leipzig, Gesamtprojektleitung), Dirk Deumeland (Prokurist FAIRNET GmbH). PK zum dreit\u00e4gigen Fan-Festival vom 25.-27. Mai auf dem Marktplatz, anl\u00e4sslich des Finales der UEFA Conference League in Leipzig, 27.04.2026. Foto: Jan Kaefer<\/p>\n<p>Auch an den beiden Folgetagen stehen Konzerte auf dem Programm. Am 26. Mai gibt\u2019s Cari Cari (19 Uhr\/ \u201esuper Indie-Band\u201c) und Alice Merton (20:30 Uhr) auf die Ohren. Am Finaltag, dem 27. Mai, spielt um 19 Uhr die Hermes House Band, die dem Anlass entsprechend bestimmt auch ihre Version von \u201eFootball Is Coming Home\u201c zum besten geben d\u00fcrften. Nat\u00fcrlich ist auch drumherum jede Menge Trubel, \u00e4hnlich dem Fanfest w\u00e4hrend der Europameisterschaft 2024. Ein zentrales Element ist dabei ein Fu\u00dfball-Kleinfeld, auf dem unter anderem am 27. Mai (13 Uhr) das sogenannte \u201eLegends Match\u201c steigt. Dabei kicken Kinder und Jugendliche mit und gegen \u201everdiente Fu\u00dfball-Veteranen\u201c.<\/p>\n<p>Ob es am Spieltag aber auch ein gro\u00dfes Public Viewing auf dem Marktplatz geben wird, steht noch in den Sternen. Von den technischen Voraussetzungen her, w\u00e4re das umsetzbar, erkl\u00e4rt Stefan Schedler, der Gesamtprojektleiter der Stadt Leipzig. Auch die Bereitschaft w\u00e4re vorhanden. Allerdings liegt die Entscheidungsgewalt bei der UEFA. Vor allem Sicherheitsbedenken m\u00fcssen abgewogen werden. So wird sich der europ\u00e4ische Fu\u00dfball-Daumen wohl erst zwei, drei Tage vor dem Finale heben oder senken. Tickets f\u00fcrs Stadion sind nicht mehr im \u00f6ffentlichen Verkauf.<\/p>\n<p><a href=\"https:\/\/www.l-iz.de\/wp-content\/uploads\/2026\/04\/Pokal-Conference_League-Leipzig-Jan_Kaefer-00003017.jpg\" rel=\"nofollow noopener\" target=\"_blank\"><img loading=\"lazy\" decoding=\"async\" class=\"size-large wp-image-655456\" src=\"https:\/\/www.europesays.com\/de\/wp-content\/uploads\/2026\/04\/Pokal-Conference_League-Leipzig-Jan_Kaefer-00003017-698x465.jpg\" alt=\"\" width=\"698\" height=\"465\"  \/><\/a>Die Troph\u00e4e der UEFA Conference League wird auf dem Marktplatz des Final-Spielortes Leipzig pr\u00e4sentiert, 27.04.26. Foto: Jan Kaefer<\/p>\n","protected":false},"excerpt":{"rendered":"Pokal-Gucken war angesagt am gestrigen Montag auf dem Leipziger Marktplatz. F\u00fcr einige Stunden gab\u2019s dort die echte Troph\u00e4e&hellip;\n","protected":false},"author":2,"featured_media":980136,"comment_status":"","ping_status":"","sticky":false,"template":"","format":"standard","meta":{"footnotes":"","_share_on_mastodon":"0"},"categories":[1832],"tags":[11733,3364,29,26501,30,71,859,1681],"class_list":["post-980135","post","type-post","status-publish","format-standard","has-post-thumbnail","category-leipzig","tag-conference-league","tag-de","tag-deutschland","tag-fanfest","tag-germany","tag-leipzig","tag-sachsen","tag-uefa"],"share_on_mastodon":{"url":"https:\/\/pubeurope.com\/@de\/116484244326776129","error":""},"_links":{"self":[{"href":"https:\/\/www.europesays.com\/de\/wp-json\/wp\/v2\/posts\/980135","targetHints":{"allow":["GET"]}}],"collection":[{"href":"https:\/\/www.europesays.com\/de\/wp-json\/wp\/v2\/posts"}],"about":[{"href":"https:\/\/www.europesays.com\/de\/wp-json\/wp\/v2\/types\/post"}],"author":[{"embeddable":true,"href":"https:\/\/www.europesays.com\/de\/wp-json\/wp\/v2\/users\/2"}],"replies":[{"embeddable":true,"href":"https:\/\/www.europesays.com\/de\/wp-json\/wp\/v2\/comments?post=980135"}],"version-history":[{"count":0,"href":"https:\/\/www.europesays.com\/de\/wp-json\/wp\/v2\/posts\/980135\/revisions"}],"wp:featuredmedia":[{"embeddable":true,"href":"https:\/\/www.europesays.com\/de\/wp-json\/wp\/v2\/media\/980136"}],"wp:attachment":[{"href":"https:\/\/www.europesays.com\/de\/wp-json\/wp\/v2\/media?parent=980135"}],"wp:term":[{"taxonomy":"category","embeddable":true,"href":"https:\/\/www.europesays.com\/de\/wp-json\/wp\/v2\/categories?post=980135"},{"taxonomy":"post_tag","embeddable":true,"href":"https:\/\/www.europesays.com\/de\/wp-json\/wp\/v2\/tags?post=980135"}],"curies":[{"name":"wp","href":"https:\/\/api.w.org\/{rel}","templated":true}]}}