{"id":980207,"date":"2026-04-28T21:12:22","date_gmt":"2026-04-28T21:12:22","guid":{"rendered":"https:\/\/www.europesays.com\/de\/980207\/"},"modified":"2026-04-28T21:12:22","modified_gmt":"2026-04-28T21:12:22","slug":"gelsenkirchen-linienbus-verunglueckt-mit-mehreren-verletzten","status":"publish","type":"post","link":"https:\/\/www.europesays.com\/de\/980207\/","title":{"rendered":"Gelsenkirchen: Linienbus verungl\u00fcckt mit mehreren Verletzten"},"content":{"rendered":"<p class=\"text_ohne_einzug richtext text-em-55 !leading-serif mx-6 desktop:mx-0\">Am fr\u00fchen Dienstagmorgen (28. April) kam es in Gelsenkirchen-Buer zu einem schweren Verkehrsunfall. Ein Linienbus verungl\u00fcckte und mehrere Passagiere wurden verletzt.<\/p>\n<p class=\"text_ohne_einzug richtext text-em-55 !leading-serif mx-6 desktop:mx-0\">Der Unfall ereignete sich um 8.45 Uhr auf der De-La-Chevallerie-Stra\u00dfe. Pl\u00f6tzlich kam der Bus von der Fahrbahn ab und kollidierte mit einem Baum, der sich auf einem Gr\u00fcnstreifen in der Mitte der Stra\u00dfe befand. Die Unfallursache ist bisher unbekannt, wie die <a href=\"https:\/\/rp-online.de\/thema\/polizei\/\" rel=\"nofollow noopener\" target=\"_blank\">Polizei<\/a> <a href=\"https:\/\/rp-online.de\/thema\/gelsenkirchen\/\" rel=\"nofollow noopener\" target=\"_blank\">Gelsenkirchen<\/a> mitteilt.<\/p>\n<p class=\"text_ohne_einzug richtext text-em-55 !leading-serif mx-6 desktop:mx-0\">Die verletzten Insassen wurden vom Rettungsdienst vor Ort versorgt und in nahegelegene Krankenh\u00e4user gebracht. Der 53-j\u00e4hrige Busfahrer wurde infolge des Unfalls eingeklemmt und musste von der Feuerwehr befreit werden. Auch er wird aktuell im Krankenhaus behandelt.<\/p>\n<p class=\"text_ohne_einzug richtext text-em-55 !leading-serif mx-6 desktop:mx-0\">Die Polizei Gelsenkirchen hat die Ermittlungen aufgenommen. Die Unfallaufnahme wurde zus\u00e4tzlich von der Polizei <a href=\"https:\/\/rp-online.de\/thema\/recklinghausen\/\" rel=\"nofollow noopener\" target=\"_blank\">Recklinghausen<\/a> unterst\u00fctzt. W\u00e4hrend der Ermittlungen wurde eine Polizistin jedoch verletzt \u2013 ein vorbeifahrender Linienbus erfasste sie. Die Beamtin wurde mit leichten Verletzungen ins Krankenhaus gebracht, wie die Polizei Gelsenkirchen mitteilt. Infolge des Unfalls musste die De-La-Chevallerie-Stra\u00dfe f\u00fcr mehrere Stunden gesperrt werden.<\/p>\n","protected":false},"excerpt":{"rendered":"Am fr\u00fchen Dienstagmorgen (28. April) kam es in Gelsenkirchen-Buer zu einem schweren Verkehrsunfall. Ein Linienbus verungl\u00fcckte und mehrere&hellip;\n","protected":false},"author":2,"featured_media":980208,"comment_status":"","ping_status":"","sticky":false,"template":"","format":"standard","meta":{"footnotes":"","_share_on_mastodon":"0"},"categories":[1848],"tags":[16238,4067,76555,3364,29,548,663,3934,3658,30,13,17113,14,15,1209,10500,12,524,1284,3260,5185],"class_list":["post-980207","post","type-post","status-publish","format-standard","has-post-thumbnail","category-gelsenkirchen","tag-busfahrer","tag-ermittlungen","tag-buer","tag-de","tag-deutschland","tag-eu","tag-europa","tag-europe","tag-gelsenkirchen","tag-germany","tag-headlines","tag-linienbus","tag-nachrichten","tag-news","tag-nordrhein-westfalen","tag-passagiere","tag-schlagzeilen","tag-strasse","tag-unfall","tag-verkehrsunfall","tag-verletzt"],"share_on_mastodon":{"url":"https:\/\/pubeurope.com\/@de\/116484397246733162","error":""},"_links":{"self":[{"href":"https:\/\/www.europesays.com\/de\/wp-json\/wp\/v2\/posts\/980207","targetHints":{"allow":["GET"]}}],"collection":[{"href":"https:\/\/www.europesays.com\/de\/wp-json\/wp\/v2\/posts"}],"about":[{"href":"https:\/\/www.europesays.com\/de\/wp-json\/wp\/v2\/types\/post"}],"author":[{"embeddable":true,"href":"https:\/\/www.europesays.com\/de\/wp-json\/wp\/v2\/users\/2"}],"replies":[{"embeddable":true,"href":"https:\/\/www.europesays.com\/de\/wp-json\/wp\/v2\/comments?post=980207"}],"version-history":[{"count":0,"href":"https:\/\/www.europesays.com\/de\/wp-json\/wp\/v2\/posts\/980207\/revisions"}],"wp:featuredmedia":[{"embeddable":true,"href":"https:\/\/www.europesays.com\/de\/wp-json\/wp\/v2\/media\/980208"}],"wp:attachment":[{"href":"https:\/\/www.europesays.com\/de\/wp-json\/wp\/v2\/media?parent=980207"}],"wp:term":[{"taxonomy":"category","embeddable":true,"href":"https:\/\/www.europesays.com\/de\/wp-json\/wp\/v2\/categories?post=980207"},{"taxonomy":"post_tag","embeddable":true,"href":"https:\/\/www.europesays.com\/de\/wp-json\/wp\/v2\/tags?post=980207"}],"curies":[{"name":"wp","href":"https:\/\/api.w.org\/{rel}","templated":true}]}}