{"id":980545,"date":"2026-04-29T00:26:23","date_gmt":"2026-04-29T00:26:23","guid":{"rendered":"https:\/\/www.europesays.com\/de\/980545\/"},"modified":"2026-04-29T00:26:23","modified_gmt":"2026-04-29T00:26:23","slug":"rostock-am-tag-vor-dem-mord-machte-fabians-vater-mit-der-stiefmutter-schluss-news","status":"publish","type":"post","link":"https:\/\/www.europesays.com\/de\/980545\/","title":{"rendered":"Rostock: Am Tag vor dem Mord machte Fabians Vater mit der Stiefmutter Schluss | News"},"content":{"rendered":"<p><a class=\"skip-content skip-content--link\" href=\"#in-content-skip-link-target-v-0-0\">TTS-Player \u00fcberspringen\u21b5<\/a><a id=\"in-content-skip-link-target-v-0-0\" class=\"skip-content--target-link-hidden skip-content skip-content--target-link\" href=\"#in-content-skip-link-target-v-0-0\">Artikel weiterlesen<\/a><\/p>\n<p>Rostock \u2013 <b>Ein Kind ist tot, ermordet. Weil sich sein Vater f\u00fcr ihn, den 8-j\u00e4hrigen Fabian entschied \u2013 und gegen dessen Stiefmutter, seine langj\u00e4hrige Lebensgef\u00e4hrtin Gina H. (30)? Die Staatsanwaltschaft sieht darin ein m\u00f6gliches Motiv.<\/b><\/p>\n<p>Die Suche nach der Wahrheit dauerte heute 17 Minuten. So lange oder so kurz war der Prozessauftakt im Landgericht Rostock (<a href=\"https:\/\/www.bild.de\/regional\/mecklenburg-vorpommern\/mecklenburg-vorpommern\/home-62716054.bild.html\" class=\"text-link\" rel=\"nofollow noopener\" target=\"_blank\">Mecklenburg-Vorpommern<\/a>) in einem Fall, der Deutschland wie kaum ein anderer ersch\u00fctterte: Der Mord an Fabian. Im Oktober 2025 war der Junge aus G\u00fcstrow verschwunden, vier Tage sp\u00e4ter wurde er tot aufgefunden. Erstochen und verbrannt an einem abgelegenen T\u00fcmpel. Die Staatsanwaltschaft ist davon \u00fcberzeugt, dass Gina H. die T\u00e4terin ist. Sie habe bedenkenlos das Leben eines Kindes ausgel\u00f6scht, in der vagen Hoffnung, die Beziehung zu reparieren, hei\u00dft es in der Anklage. <\/p>\n<p><img decoding=\"async\" width=\"992\" height=\"558\" alt=\"Fabian (8) musste vermutlich sterben, weil Gina H. nicht damit klarkam, dass Fabians Vater mit ihr Schluss machte\" src=\"https:\/\/www.europesays.com\/de\/wp-content\/uploads\/2026\/04\/50bf12ab8e4299ba14cb61534a889edc,396bf2f1.jpeg\"   class=\"landscape\" loading=\"lazy\"\/><\/p>\n<p class=\"fig__caption__text\">Fabian wurde nur 8 Jahre alt. Seiner Mutter ist es wichtig, dass sein Foto offen gezeigt wird<\/p>\n<p>Foto: Schwarck Media<\/p>\n<p><img decoding=\"async\" width=\"992\" height=\"1178\" alt=\"Gina H. (30) ist wegen Mordes angeklagt\" src=\"https:\/\/www.europesays.com\/de\/wp-content\/uploads\/2026\/04\/75abcd21ae9f0a7f4b5c51ab9526876c,a6aadaa7.jpeg\"   class=\"portrait\" loading=\"lazy\"\/><\/p>\n<p class=\"fig__caption__text\">Gina H. (30) ist wegen Mordes angeklagt<\/p>\n<p>Foto: Privat<\/p>\n<p>Gina H. wurde mit Fu\u00dffesseln in den Saal gef\u00fchrt, sie hielt sich eine rote Mappe vor das Gesicht. \u201e\u00c4ngstlich und nerv\u00f6s\u201c sei seine Mandantin vor dem Prozess gewesen, sagte ihr  Verteidiger Thomas L\u00f6cker gegen\u00fcber BILD. Wie muss sich erst Fabians Mutter Dorina f\u00fchlen, die als Nebenkl\u00e4gerin im Saal sitzt? Als der Staatsanwalt verliest, wie der Mord an ihrem Sohn vonstatten gegangen sein soll, schluckt sie, zweimal, dreimal. Ihre Augen sind auf die Angeklagte gerichtet. Vor den Objektiven der Fotografen konnte Gina H. sich verstecken. Vor der Frau, der sie nach \u00dcberzeugung der Ankl\u00e4ger das einzige Kind genommen hat, nicht.<\/p>\n<p>30-j\u00e4hrige Angeklagte vor Gericht: Mordfall Fabian\u00a0\u2013 BILD beim Prozessauftakt<a class=\"anchor video-teaser__anchor\" href=\"https:\/\/www.bild.de\/news\/mordfall-fabian-prozess-in-rostock-startet-69f06a84ed8c6d6030069dc3\" rel=\"nofollow noopener\" target=\"_blank\"><img decoding=\"async\" width=\"992\" height=\"558\" alt=\"Prozess um Fabian startet \u2013 BILD vor Ort in Rostock\" src=\"https:\/\/www.europesays.com\/de\/wp-content\/uploads\/2026\/04\/55310e03a68b78938fd4f44c8ab7c27c,999e338c.jpeg\"   class=\"landscape teaser__image\" loading=\"lazy\"\/><\/a><\/p>\n<p>Quelle: BILD28.04.2026<\/p>\n<p>Beziehung per Chatnachricht beendet<\/p>\n<p>Vier Jahre waren der Vater von Fabian und dessen mutma\u00dfliche M\u00f6rderin zusammen. Eine Beziehung, von der sie laut Staatsanwaltschaft finanziell profitierte. Doch es soll immer wieder zum Streit zwischen Matthias R. und Gina H. gekommen sein, auch wegen Fabian. Als der Junge beobachtete, wie sich die beiden so heftig stritten, dass es der Anklage zufolge zu einer  \u201ek\u00f6rperlichen Auseinandersetzung\u201c kam, soll der Junge, der bei seiner Mutter lebte, den Kontakt abgebrochen haben. Es renkte sich wieder ein. Doch offenbar wollte Matthias R. eine solche Situation nie mehr erleben. Am 9. Oktober traf er eine Entscheidung \u2013 zwischen Gina H. und seinem Sohn. Er entschied sich f\u00fcr Fabian, machte per Chatnachricht endg\u00fcltig Schluss. Am 10. Oktober war der Junge tot.<\/p>\n<p><img decoding=\"async\" width=\"992\" height=\"558\" alt=\"Dorina L., Fabians Mutter (r.), war beim Prozessauftakt anwesend. Ihre Anw\u00e4ltin Christine Habetha sitzt neben ihr\" src=\"https:\/\/www.europesays.com\/de\/wp-content\/uploads\/2026\/04\/0055c0fc77fb20fc8d2cd07adde3a015,80deca94.jpeg\"   class=\"landscape\" loading=\"lazy\"\/><\/p>\n<p class=\"fig__caption__text\">Dorina L., Fabians Mutter (r.), war beim Prozessauftakt anwesend. Sie ist mit der Ver\u00f6ffentlichung ihres Fotos einverstanden, neben ihr sitzt ihre Anw\u00e4ltin Christine Habetha<\/p>\n<p>Foto: Fabian Matzerath\/BILD<\/p>\n<p>Die Staatsanwaltschaft geht davon aus, dass Gina H. an diesem Tag mit ihrem orangefarbenen Ford Ranger zu Hause bei Fabian vorfuhr. Dass der Junge dort alleine und krank war, habe sie \u201evermutet oder im Vorfeld in Erfahrung gebracht\u201c. Demnach habe Gina H. den Jungen mitgenommen und im Wald ihr Handy deaktiviert. Sie sei mit Fabian zu einer Schweinesuhle bei Klein Upah gefahren und habe Fabian dort mit einem 10 Zentimeter langen Messer erstochen. Sechs Stiche in die Brust, zwei davon ins Herz.<\/p>\n<p>Angeklagte schweigt<\/p>\n<p>Um 12.43 Uhr soll sie ihr Smartphone wieder aktiviert und sich mit einem Freund zu einem Treffen verabredet haben. War Fabian zu diesem Zeitpunkt schon tot? Die Gerichtsmedizin hat das Zeitfenster seines Todes auf \u201ezwischen 10.50 Uhr und 13 Uhr\u201c festgelegt. Sp\u00e4ter soll Gina H. zum Tatort zur\u00fcckgekehrt sein, um die Leiche mit Grillanz\u00fcnder zu verbrennen. <\/p>\n<p><a class=\"article-image__anchor\" href=\"https:\/\/www.bild.de\/ig\/c95b8934-462c-43fc-8482-b2a99a18a821\/index\/index.html\" target=\"_blank\" rel=\"noopener nofollow\"><img decoding=\"async\" width=\"992\" height=\"186\" alt=\"Klicken Sie auf die Grafik, um zu lesen, was bisher \u00fcber den Fall Fabian bekannt ist\" src=\"https:\/\/www.europesays.com\/de\/wp-content\/uploads\/2026\/04\/84d9be85a20379bb3be6fd726d5af05a,c96de66c.jpeg\"   class=\"dynamic\" loading=\"lazy\"\/><\/a><\/p>\n<p class=\"fig__caption__text\">Klicken Sie auf die Grafik, um zu lesen, was bisher \u00fcber den Fall Fabian bekannt ist<\/p>\n<p>Foto: Privat; Schwarck Media<\/p>\n<p>Zur Suche nach der Wahrheit trug die Angeklagte nichts bei, was ihr gutes Recht ist. \u201eWir werden keine Angaben zur Sache machen\u201c, erkl\u00e4rte ihr Verteidiger. 17 Verhandlungstage sind bis zum 2. Juli angesetzt, mehr als 60 Zeugen sollen geh\u00f6rt werden. Dann entscheidet sich, ob Gina H. lebensl\u00e4nglich ins Gef\u00e4ngnis muss. \u201eSie leidet sehr darunter, dass sie ihr Kind nicht sieht\u201c, sagt ihr Anwalt. Das Kind ist aktuell in einer Pflegefamilie. Es ist sieben Jahre alt. Ein Jahr j\u00fcnger als Fabian es war.<\/p>\n<p>Anklage nennt Motiv im Mordfall Fabian: \u201eEr entschied sich f\u00fcr seinen Sohn\u201c<a class=\"anchor video-teaser__anchor\" href=\"https:\/\/www.bild.de\/news\/tag-1-im-prozess-um-fabian-anklage-nennt-motiv-er-entschied-sich-fuer-seinen-sohn-69f08ab9622ae392e46e15a2\" rel=\"nofollow noopener\" target=\"_blank\"><img decoding=\"async\" width=\"992\" height=\"558\" alt=\"Tag 1 im Prozess um Fabian \u2013 Anklage nennt Motiv: \u201eEr entschied sich f\u00fcr seinen Sohn\u201c\" src=\"https:\/\/www.europesays.com\/de\/wp-content\/uploads\/2026\/04\/788a8c45b6f61a4bd5c66c71759192c2,a39b5f7b.jpeg\"   class=\"landscape teaser__image\" loading=\"lazy\"\/><\/a><\/p>\n<p>Quelle: BILD28.04.2026<\/p>\n","protected":false},"excerpt":{"rendered":"TTS-Player \u00fcberspringen\u21b5Artikel weiterlesen Rostock \u2013 Ein Kind ist tot, ermordet. Weil sich sein Vater f\u00fcr ihn, den 8-j\u00e4hrigen&hellip;\n","protected":false},"author":2,"featured_media":980546,"comment_status":"","ping_status":"","sticky":false,"template":"","format":"standard","meta":{"footnotes":"","_share_on_mastodon":"0"},"categories":[5],"tags":[331,332,3364,29,30,84441,13,1351,2183,14,15,121,12,1997,138370,45],"class_list":["post-980545","post","type-post","status-publish","format-standard","has-post-thumbnail","category-nachrichten","tag-aktuelle-nachrichten","tag-aktuelle-news","tag-de","tag-deutschland","tag-germany","tag-guestrow","tag-headlines","tag-mecklenburg-vorpommern","tag-mord","tag-nachrichten","tag-news","tag-polizei","tag-schlagzeilen","tag-staatsanwaltschaft","tag-team-first","tag-texttospeech"],"share_on_mastodon":{"url":"https:\/\/pubeurope.com\/@de\/116485160467017032","error":""},"_links":{"self":[{"href":"https:\/\/www.europesays.com\/de\/wp-json\/wp\/v2\/posts\/980545","targetHints":{"allow":["GET"]}}],"collection":[{"href":"https:\/\/www.europesays.com\/de\/wp-json\/wp\/v2\/posts"}],"about":[{"href":"https:\/\/www.europesays.com\/de\/wp-json\/wp\/v2\/types\/post"}],"author":[{"embeddable":true,"href":"https:\/\/www.europesays.com\/de\/wp-json\/wp\/v2\/users\/2"}],"replies":[{"embeddable":true,"href":"https:\/\/www.europesays.com\/de\/wp-json\/wp\/v2\/comments?post=980545"}],"version-history":[{"count":0,"href":"https:\/\/www.europesays.com\/de\/wp-json\/wp\/v2\/posts\/980545\/revisions"}],"wp:featuredmedia":[{"embeddable":true,"href":"https:\/\/www.europesays.com\/de\/wp-json\/wp\/v2\/media\/980546"}],"wp:attachment":[{"href":"https:\/\/www.europesays.com\/de\/wp-json\/wp\/v2\/media?parent=980545"}],"wp:term":[{"taxonomy":"category","embeddable":true,"href":"https:\/\/www.europesays.com\/de\/wp-json\/wp\/v2\/categories?post=980545"},{"taxonomy":"post_tag","embeddable":true,"href":"https:\/\/www.europesays.com\/de\/wp-json\/wp\/v2\/tags?post=980545"}],"curies":[{"name":"wp","href":"https:\/\/api.w.org\/{rel}","templated":true}]}}