{"id":980755,"date":"2026-04-29T02:27:14","date_gmt":"2026-04-29T02:27:14","guid":{"rendered":"https:\/\/www.europesays.com\/de\/980755\/"},"modified":"2026-04-29T02:27:14","modified_gmt":"2026-04-29T02:27:14","slug":"islamismus-in-berlin-fuer-uns-gilt-die-scharia-deutsche-gesetze-sind-egal-news","status":"publish","type":"post","link":"https:\/\/www.europesays.com\/de\/980755\/","title":{"rendered":"Islamismus in Berlin: F\u00fcr uns gilt die Scharia, deutsche Gesetze sind egal | News"},"content":{"rendered":"<p>Junge M\u00e4nner in Berlin-Neuk\u00f6lln, die deutsche Gesetze offen ablehnen. Sch\u00fcler, die dem Lehrer \u201eAuch dich kriegt der IS!\u201c an die Tafel schreiben. Ein Attent\u00e4ter, der in M\u00fcnchen eine Mutter und ihr Kind t\u00f6tet und vor Gericht den Islamisten-Finger zeigt. Ein Film zeigt, wie sich die islamistische Ideologie im deutschen Alltag ausbreitet \u2013 von der Grundschule bis zur t\u00f6dlichen Radikalisierung. <\/p>\n<p>\n<b>Lesen Sie mit BILDplus, welche Begegnungen die Reporter machten, wovor Experten warnen und was Betroffene sagen.<\/b><\/p>\n","protected":false},"excerpt":{"rendered":"Junge M\u00e4nner in Berlin-Neuk\u00f6lln, die deutsche Gesetze offen ablehnen. Sch\u00fcler, die dem Lehrer \u201eAuch dich kriegt der IS!\u201c&hellip;\n","protected":false},"author":2,"featured_media":980756,"comment_status":"","ping_status":"","sticky":false,"template":"","format":"standard","meta":{"footnotes":"","_share_on_mastodon":"0"},"categories":[1825],"tags":[296,3204,181674,29,20613,30,36002,555,556,15265,3312,526,78581,45],"class_list":["post-980755","post","type-post","status-publish","format-standard","has-post-thumbnail","category-berlin","tag-berlin","tag-br","tag-deep-news","tag-deutschland","tag-dokumentation","tag-germany","tag-isis","tag-islam","tag-islamismus","tag-koran","tag-muslime","tag-neukoelln","tag-scharia","tag-texttospeech"],"share_on_mastodon":{"url":"https:\/\/pubeurope.com\/@de\/116485635995014101","error":""},"_links":{"self":[{"href":"https:\/\/www.europesays.com\/de\/wp-json\/wp\/v2\/posts\/980755","targetHints":{"allow":["GET"]}}],"collection":[{"href":"https:\/\/www.europesays.com\/de\/wp-json\/wp\/v2\/posts"}],"about":[{"href":"https:\/\/www.europesays.com\/de\/wp-json\/wp\/v2\/types\/post"}],"author":[{"embeddable":true,"href":"https:\/\/www.europesays.com\/de\/wp-json\/wp\/v2\/users\/2"}],"replies":[{"embeddable":true,"href":"https:\/\/www.europesays.com\/de\/wp-json\/wp\/v2\/comments?post=980755"}],"version-history":[{"count":0,"href":"https:\/\/www.europesays.com\/de\/wp-json\/wp\/v2\/posts\/980755\/revisions"}],"wp:featuredmedia":[{"embeddable":true,"href":"https:\/\/www.europesays.com\/de\/wp-json\/wp\/v2\/media\/980756"}],"wp:attachment":[{"href":"https:\/\/www.europesays.com\/de\/wp-json\/wp\/v2\/media?parent=980755"}],"wp:term":[{"taxonomy":"category","embeddable":true,"href":"https:\/\/www.europesays.com\/de\/wp-json\/wp\/v2\/categories?post=980755"},{"taxonomy":"post_tag","embeddable":true,"href":"https:\/\/www.europesays.com\/de\/wp-json\/wp\/v2\/tags?post=980755"}],"curies":[{"name":"wp","href":"https:\/\/api.w.org\/{rel}","templated":true}]}}