{"id":980779,"date":"2026-04-29T02:41:17","date_gmt":"2026-04-29T02:41:17","guid":{"rendered":"https:\/\/www.europesays.com\/de\/980779\/"},"modified":"2026-04-29T02:41:17","modified_gmt":"2026-04-29T02:41:17","slug":"anschlag-bei-antisemitismusbeauftragtem-bekannte-als-verdaechtige-ermittelt-rbb24-de","status":"publish","type":"post","link":"https:\/\/www.europesays.com\/de\/980779\/","title":{"rendered":"Anschlag bei Antisemitismusbeauftragtem: Bekannte als Verd\u00e4chtige ermittelt &#8211; rbb24.de"},"content":{"rendered":"<ol>\n<li><a href=\"https:\/\/news.google.com\/rss\/articles\/CBMiywFBVV95cUxPS1N3T3F4ZFlveTBsUnY4ZTdHbERLUHM2MGZacDUySmE3ZGFCV3U1ckFzZGR0d0JxTUJvMDh3RTFYWUdNT1lzbzVBSmpYQTZhNmxROGplZGZzR1BjZkV6bm1xc0hlQlJ4VVNIMEVJZTBrUkprWjVfMVRPcDRadXB0b2NxM3hlSFZzNlN2YVhDZjJvNzVLUGNhZ19zQlU0N0lRVHhpSmN3OVVBOWxjZW9NWmRHSHhyM0tWNFpiZ09tSkV2amJCS2hFMnZxZw?oc=5\" target=\"_blank\" rel=\"nofollow noopener\">Anschlag bei Antisemitismusbeauftragtem: Bekannte als Verd\u00e4chtige ermittelt<\/a>&nbsp;&nbsp;rbb24.de<\/li>\n<li><a href=\"https:\/\/news.google.com\/rss\/articles\/CBMihAJBVV95cUxPQXdKYmpObDZzSEN6c09sRUdqNEZNeEZYRTE1LXoyX1BmeVhVRXlkUnExbjRyRUxGczRvZmxCaERKLUE3a3lSd2JkRGtmRHdVX2dXcFI5Yk1tWkM5WnE0b2RjSnNSWWZ3dEo3N0FWbXd0Q3FiU1ZYZ2hhVmROZ0NXUm8zZ3FacVFUWjVfamc2Q25ZLTg2S1dvTzB6T0dXUDN4eVZTWllwQjF6bW9OTTVkSFdiYXVaVlhFVFVoZlhySmNkMkc0c3hTenQyTlMwanBUZWtXbmpwd0lKTkQ3X1BrRTlXNzJCM2EwU1RJTjRqTzNlY21fcUhlcUU3WE44ZXh1dXNnUQ?oc=5\" target=\"_blank\" rel=\"nofollow noopener\">Nach Anschlag auf Andreas B\u00fcttner Pl\u00f6tzlich geraten Freunde und Gesch\u00e4ftspartner ins Visier der Ermittler<\/a>&nbsp;&nbsp;Tagesspiegel<\/li>\n<li><a href=\"https:\/\/news.google.com\/rss\/articles\/CBMikAJBVV95cUxPa1ZyMDVSOFhGd3ZSS3cyMGpNVm5IWk1fRmFnVHB6eW0xaUg5SmE2X19sVEwxQ3NXbEtoaG00V1pSdFlqYkI4X3pUd2lJeVNVcE5VUU1YOXVfU0dZc1V1U1hYVVBOR1lmUWstWGxrRlB5cDFsVkgtbF9iMV9XOTBPeGNpMmVXRHpsdXp4V0hwRHVKSE1kVEhaQUhOZkk0U0hacDRBOUxackYtc0F1b2tRaEo4VC0zWWZ6U2EtVmNkeHBKZ3d1SGZpMW5iNTJsak1EUjloOGI4bFlGZ0VJa1hQNHFGMC1HRmxOSC0wZ0Qxbmg1QjFYTS1YTG5pX1ZWaHAwN3lsT19vZ3l6S0s5TnBUMg?oc=5\" target=\"_blank\" rel=\"nofollow noopener\">Andreas B\u00fcttner: Nach Anschlag auf Grundst\u00fcck von Antisemitismus-Beauftragten \u2013 zwei Verd\u00e4chtige ermittelt<\/a>&nbsp;&nbsp;WELT<\/li>\n<li><a href=\"https:\/\/news.google.com\/rss\/articles\/CBMi6wFBVV95cUxPRnBNWUQ3QzVzMEZ1WUYzeVdiZ2lZZjF6MWctVXg1SFZrNEltTXdlOHpNbUUzNjZTOFJUczVScWpWMFY1bVFTSUotVXpxVzlhRHNrTXc5clhMNlNkRDJadzV2LVhxZmoyb1hfUmdieUcwSUJMazFjYS1GcDBXMXBUQy1fa3diQkxzTmNCWml1RmdXeGMtY3ZCa0gtMjktQ25ncER4dkdhTkllcDlUNzJLRHd2S0h1UDZrdjN0ZWdIQ1pMY0JBUU00M0hCOFh0dWlVQ2FiOHlwSThBTHlYS2NBWm9iaF9TTVZPOS1n?oc=5\" target=\"_blank\" rel=\"nofollow noopener\">Anschlag auf Brandenburgs Antisemitismusbeauftragten: Freunde B\u00fcttners unter Verdacht<\/a>&nbsp;&nbsp;M\u00e4rkische Allgemeine Zeitung<\/li>\n<li><a href=\"https:\/\/news.google.com\/rss\/articles\/CBMiuAFBVV95cUxQTGZiRHBPS3U2UlhZSHBkUWY2YVk3QkRqZzdPLVRGSGhBZ252YnVBTXNlRXNXeG1xUEJhVWIyRkRXekhqeFBvaVc3WFZ4ektiZXYtQVZkbm5GMzlBMklGZ2xrWmxsNlZlLVlTOG9VWTFISUZlVVA5QTJwWkYwX1R1WjJsNXpOaUw4N1d4d2xCNXBiR25WZktQSXBTOFpETUJmNUFtQU1rRVM4ejJKQVZubGJjZVpWUzEz?oc=5\" target=\"_blank\" rel=\"nofollow noopener\">Brandanschlag auf Antisemitismus-Beauftragten: Verd\u00e4chtige sind Gesch\u00e4ftspartner<\/a>&nbsp;&nbsp;upday News<\/li>\n<\/ol>\n","protected":false},"excerpt":{"rendered":"Anschlag bei Antisemitismusbeauftragtem: Bekannte als Verd\u00e4chtige ermittelt&nbsp;&nbsp;rbb24.de Nach Anschlag auf Andreas B\u00fcttner Pl\u00f6tzlich geraten Freunde und Gesch\u00e4ftspartner ins&hellip;\n","protected":false},"author":2,"featured_media":980780,"comment_status":"","ping_status":"","sticky":false,"template":"","format":"standard","meta":{"footnotes":"","_share_on_mastodon":"0"},"categories":[2],"tags":[1890,29,30,13,14,15,211659,134296,12,10,8,9,11,12088],"class_list":["post-980779","post","type-post","status-publish","format-standard","has-post-thumbnail","category-deutschland","tag-brandenburg","tag-deutschland","tag-germany","tag-headlines","tag-nachrichten","tag-news","tag-rbb24polizei","tag-rbb24tagesschau","tag-schlagzeilen","tag-top-news","tag-top-meldungen","tag-topmeldungen","tag-topnews","tag-uckermark"],"share_on_mastodon":{"url":"https:\/\/pubeurope.com\/@de\/116485691562992967","error":""},"_links":{"self":[{"href":"https:\/\/www.europesays.com\/de\/wp-json\/wp\/v2\/posts\/980779","targetHints":{"allow":["GET"]}}],"collection":[{"href":"https:\/\/www.europesays.com\/de\/wp-json\/wp\/v2\/posts"}],"about":[{"href":"https:\/\/www.europesays.com\/de\/wp-json\/wp\/v2\/types\/post"}],"author":[{"embeddable":true,"href":"https:\/\/www.europesays.com\/de\/wp-json\/wp\/v2\/users\/2"}],"replies":[{"embeddable":true,"href":"https:\/\/www.europesays.com\/de\/wp-json\/wp\/v2\/comments?post=980779"}],"version-history":[{"count":0,"href":"https:\/\/www.europesays.com\/de\/wp-json\/wp\/v2\/posts\/980779\/revisions"}],"wp:featuredmedia":[{"embeddable":true,"href":"https:\/\/www.europesays.com\/de\/wp-json\/wp\/v2\/media\/980780"}],"wp:attachment":[{"href":"https:\/\/www.europesays.com\/de\/wp-json\/wp\/v2\/media?parent=980779"}],"wp:term":[{"taxonomy":"category","embeddable":true,"href":"https:\/\/www.europesays.com\/de\/wp-json\/wp\/v2\/categories?post=980779"},{"taxonomy":"post_tag","embeddable":true,"href":"https:\/\/www.europesays.com\/de\/wp-json\/wp\/v2\/tags?post=980779"}],"curies":[{"name":"wp","href":"https:\/\/api.w.org\/{rel}","templated":true}]}}