{"id":980794,"date":"2026-04-29T02:50:20","date_gmt":"2026-04-29T02:50:20","guid":{"rendered":"https:\/\/www.europesays.com\/de\/980794\/"},"modified":"2026-04-29T02:50:20","modified_gmt":"2026-04-29T02:50:20","slug":"skulpturenwald-an-der-halde-rheinelbe-schoenes-gelsenkirchen","status":"publish","type":"post","link":"https:\/\/www.europesays.com\/de\/980794\/","title":{"rendered":"Skulpturenwald an der Halde Rheinelbe | Sch\u00f6nes Gelsenkirchen"},"content":{"rendered":"<p class=\"card__subtitle\"> Ein ungew\u00f6hnlicher Ort, an dem Kunst im Freien entdeckt wird <\/p>\n<p>Mitten im <a href=\"https:\/\/www.nrwision.de\/mediathek\/themen\/ruhrgebiet\" rel=\"nofollow noopener\" target=\"_blank\">Ruhrgebiet<\/a>, am Fu\u00df der Halde Rheinelbe, liegt ein Ort, den viele Spazierg\u00e4nger kaum kennen: der Skulpturenwald im Skulpturenpark. Der K\u00fcnstler Herman Prigann gestaltete das ehemalige Zechengel\u00e4nde in den 1990er Jahren zu einer besonderen Landschaft aus <a href=\"https:\/\/www.nrwision.de\/mediathek\/themen\/kunst\" rel=\"nofollow noopener\" target=\"_blank\">Kunst<\/a> und <a href=\"https:\/\/www.nrwision.de\/mediathek\/themen\/natur\" rel=\"nofollow noopener\" target=\"_blank\">Natur<\/a>. Manche Skulpturen wirken auf den ersten Blick wie zur\u00fcckgelassene Teile der Industrie \u2013 und genau das macht ihren Reiz aus. W\u00e4hrend oben auf der Halde die bekannte Himmelstreppe steht, verstecken sich im <a href=\"https:\/\/www.nrwision.de\/mediathek\/themen\/wald\" rel=\"nofollow noopener\" target=\"_blank\">Wald<\/a> zahlreiche weitere Arbeiten und warten darauf, entdeckt zu werden. Gleichzeitig bleibt die <a href=\"https:\/\/www.nrwision.de\/mediathek\/themen\/natur\" rel=\"nofollow noopener\" target=\"_blank\">Natur<\/a> sich selbst \u00fcberlassen: Gefallene B\u00e4ume bleiben liegen, nur die Wege werden freigehalten.<\/p>\n","protected":false},"excerpt":{"rendered":"Ein ungew\u00f6hnlicher Ort, an dem Kunst im Freien entdeckt wird Mitten im Ruhrgebiet, am Fu\u00df der Halde Rheinelbe,&hellip;\n","protected":false},"author":2,"featured_media":980795,"comment_status":"","ping_status":"","sticky":false,"template":"","format":"standard","meta":{"footnotes":"","_share_on_mastodon":"0"},"categories":[1848],"tags":[4652,2076,1402,3364,29,548,663,3934,3658,30,13,2075,14,6237,15,1209,12],"class_list":["post-980794","post","type-post","status-publish","format-standard","has-post-thumbnail","category-gelsenkirchen","tag-wald","tag-ausstellung","tag-bergbau","tag-de","tag-deutschland","tag-eu","tag-europa","tag-europe","tag-gelsenkirchen","tag-germany","tag-headlines","tag-kunst","tag-nachrichten","tag-natur","tag-news","tag-nordrhein-westfalen","tag-schlagzeilen"],"share_on_mastodon":{"url":"https:\/\/pubeurope.com\/@de\/116485726456544152","error":""},"_links":{"self":[{"href":"https:\/\/www.europesays.com\/de\/wp-json\/wp\/v2\/posts\/980794","targetHints":{"allow":["GET"]}}],"collection":[{"href":"https:\/\/www.europesays.com\/de\/wp-json\/wp\/v2\/posts"}],"about":[{"href":"https:\/\/www.europesays.com\/de\/wp-json\/wp\/v2\/types\/post"}],"author":[{"embeddable":true,"href":"https:\/\/www.europesays.com\/de\/wp-json\/wp\/v2\/users\/2"}],"replies":[{"embeddable":true,"href":"https:\/\/www.europesays.com\/de\/wp-json\/wp\/v2\/comments?post=980794"}],"version-history":[{"count":0,"href":"https:\/\/www.europesays.com\/de\/wp-json\/wp\/v2\/posts\/980794\/revisions"}],"wp:featuredmedia":[{"embeddable":true,"href":"https:\/\/www.europesays.com\/de\/wp-json\/wp\/v2\/media\/980795"}],"wp:attachment":[{"href":"https:\/\/www.europesays.com\/de\/wp-json\/wp\/v2\/media?parent=980794"}],"wp:term":[{"taxonomy":"category","embeddable":true,"href":"https:\/\/www.europesays.com\/de\/wp-json\/wp\/v2\/categories?post=980794"},{"taxonomy":"post_tag","embeddable":true,"href":"https:\/\/www.europesays.com\/de\/wp-json\/wp\/v2\/tags?post=980794"}],"curies":[{"name":"wp","href":"https:\/\/api.w.org\/{rel}","templated":true}]}}