{"id":980870,"date":"2026-04-29T03:31:15","date_gmt":"2026-04-29T03:31:15","guid":{"rendered":"https:\/\/www.europesays.com\/de\/980870\/"},"modified":"2026-04-29T03:31:15","modified_gmt":"2026-04-29T03:31:15","slug":"warum-wohnungen-als-wgs-teurer-vermietet-werden-als-an-einzelpersonen","status":"publish","type":"post","link":"https:\/\/www.europesays.com\/de\/980870\/","title":{"rendered":"Warum Wohnungen als WGs teurer vermietet werden als an Einzelpersonen"},"content":{"rendered":"<p class=\"text\">\n<a name=\"hoeherer-aufwand-mehr-verschleiss-\">Aber<\/a> egal, ob West oder Ost: Oft verlangen Vermieter f\u00fcr WGs mehr Geld, als wenn sie dieselbe Wohnung einzelnen Mietern \u00fcberlassen w\u00fcrden. Das best\u00e4tigt Ren\u00e9 Hobusch, Pr\u00e4sident des Eigent\u00fcmerverbands &#8222;Haus &amp; Grund Sachsen&#8220;.\n<\/p>\n<p class=\"text\">\nBei WGs sei allerdings auch der Aufwand h\u00f6her \u2013 angefangen damit, dass mit jedem Auszug ein neuer Mietvertrag geschlossen werden m\u00fcsse. &#8222;Dann ist es nat\u00fcrlich auch aufgrund der Risiken, der h\u00f6heren Abnutzung schon gerechtfertigt, eine h\u00f6here Miete zu verlangen als vielleicht die Miete, die man von einer Familie verlangen w\u00fcrde, wo man eben nicht mit drei oder vier Mietern konfrontiert ist&#8220;, erkl\u00e4rt Hobusch.<\/p>\n","protected":false},"excerpt":{"rendered":"Aber egal, ob West oder Ost: Oft verlangen Vermieter f\u00fcr WGs mehr Geld, als wenn sie dieselbe Wohnung&hellip;\n","protected":false},"author":2,"featured_media":980871,"comment_status":"","ping_status":"","sticky":false,"template":"","format":"standard","meta":{"footnotes":"","_share_on_mastodon":"0"},"categories":[1832],"tags":[3803,49743,3364,29,3769,30,13974,71037,71038,71,81,3317,48863,14,30702,859,860,4938,861,5162,15660,103,117482,626],"class_list":["post-980870","post","type-post","status-publish","format-standard","has-post-thumbnail","category-leipzig","tag-studierende","tag-wg","tag-de","tag-deutschland","tag-eigentuemer","tag-germany","tag-hausverwaltung","tag-hmp","tag-hoereraktion","tag-leipzig","tag-mdr","tag-miete","tag-mitmachen","tag-nachrichten","tag-quadratmeter","tag-sachsen","tag-sachsen-anhalt","tag-studium","tag-thueringen","tag-universitaet","tag-unterkunft","tag-welt","tag-wohngemeinschaft","tag-wohnung"],"share_on_mastodon":{"url":"https:\/\/pubeurope.com\/@de\/116485887517844067","error":""},"_links":{"self":[{"href":"https:\/\/www.europesays.com\/de\/wp-json\/wp\/v2\/posts\/980870","targetHints":{"allow":["GET"]}}],"collection":[{"href":"https:\/\/www.europesays.com\/de\/wp-json\/wp\/v2\/posts"}],"about":[{"href":"https:\/\/www.europesays.com\/de\/wp-json\/wp\/v2\/types\/post"}],"author":[{"embeddable":true,"href":"https:\/\/www.europesays.com\/de\/wp-json\/wp\/v2\/users\/2"}],"replies":[{"embeddable":true,"href":"https:\/\/www.europesays.com\/de\/wp-json\/wp\/v2\/comments?post=980870"}],"version-history":[{"count":0,"href":"https:\/\/www.europesays.com\/de\/wp-json\/wp\/v2\/posts\/980870\/revisions"}],"wp:featuredmedia":[{"embeddable":true,"href":"https:\/\/www.europesays.com\/de\/wp-json\/wp\/v2\/media\/980871"}],"wp:attachment":[{"href":"https:\/\/www.europesays.com\/de\/wp-json\/wp\/v2\/media?parent=980870"}],"wp:term":[{"taxonomy":"category","embeddable":true,"href":"https:\/\/www.europesays.com\/de\/wp-json\/wp\/v2\/categories?post=980870"},{"taxonomy":"post_tag","embeddable":true,"href":"https:\/\/www.europesays.com\/de\/wp-json\/wp\/v2\/tags?post=980870"}],"curies":[{"name":"wp","href":"https:\/\/api.w.org\/{rel}","templated":true}]}}