{"id":981537,"date":"2026-04-29T09:49:17","date_gmt":"2026-04-29T09:49:17","guid":{"rendered":"https:\/\/www.europesays.com\/de\/981537\/"},"modified":"2026-04-29T09:49:17","modified_gmt":"2026-04-29T09:49:17","slug":"wohnen-in-karlsruhe-mit-dieser-aktion-werden-neue-vermieter-fuer-studenten-gesucht","status":"publish","type":"post","link":"https:\/\/www.europesays.com\/de\/981537\/","title":{"rendered":"Wohnen in Karlsruhe: Mit dieser Aktion werden neue Vermieter f\u00fcr Studenten gesucht"},"content":{"rendered":"<p class=\"mb-6 text-xs md:text-m lg:text-l font-serif group-[.font-sans]:font-sans \">\n    Ein frei gewordenes Zimmer, ein umgebauter Dachboden oder ein Kellerraum \u2013 Wohnraum, der von Studenten gerne angenommen wird, wenn er denn auf dem Markt ist. Und das \u201ewenn\u201c ist hier entscheidend.\n  <\/p>\n<p>            Stadt Karlsruhe sieht noch verf\u00fcgbaren Wohnraum<\/p>\n<p class=\"mb-6 text-xs md:text-m lg:text-l font-serif group-[.font-sans]:font-sans \">\n    Laut der Stadt <a href=\"https:\/\/www.ka-news.de\/promis\/karlsruhe-kulturlandschaft-technologieregion-und-residenz-des-rechts-die-faecherstadt-im-ueberblick-art-2783253\" target=\"_self\" class=\"underline \" rel=\"nofollow noopener\">Karlsruhe<\/a> ist das Angebot an verf\u00fcgbarem Wohnraum noch nicht ausgesch\u00f6pft. <strong class=\"font-bold\">\u201eUnd manchmal braucht es nur einen kleinen Ansto\u00df, dass Wohnraum wieder genutzt wird und ein junger Mensch ein Zuhause findet\u201c<\/strong>, so B\u00fcrgermeisterin Gabriele Luczak-Schwarz im Rahmen einer gemeinsamen Pressekonferenz am 28. April.\n  <\/p>\n<p>    <img decoding=\"async\" src=\"https:\/\/images.mgpd.de\/img\/109590264\/crop\/c16_9-w100\/625270619\/2064603497\/pressekonferenz-zur-haushaltswirtschaftlichen-sperre.jpg\" alt=\"Gabriele Luczak-Schwarz. (Archivbidl)\" title=\"Gabriele Luczak-Schwarz. (Archivbidl)\" loading=\"lazy\" class=\"h-full w-full object-cover\"\/><\/p>\n<p>      Icon vergr\u00f6\u00dfern<\/p>\n<p>    Gabriele Luczak-Schwarz. (Archivbidl)<br \/>\n    Foto: Katharina Peifer<\/p>\n<p>        Schlie\u00dfen <\/p>\n<p>      Icon Schlie\u00dfen<\/p>\n<p>        Icon vergr\u00f6\u00dfern<\/p>\n<p>        Icon verkleinern<\/p>\n<p>      Icon Pfeil bewegen<\/p>\n<p>    Gabriele Luczak-Schwarz. (Archivbidl)<br \/>\n    Foto: Katharina Peifer<\/p>\n<p class=\"mb-6 text-xs md:text-m lg:text-l font-serif group-[.font-sans]:font-sans \">\n    Hier soll die st\u00e4dtische Wohnraumkampagne \u201eDACH GESUCHT! Wohnraum f\u00fcr Studierende\u201c ansetzen. Die bereits seit 2012 mit Aktionen und Veran\u00adstal\u00adtun\u00adgen das Augenmerk auf die Situation der Studenten richten.\n  <\/p>\n<p>            Riesige T\u00fcren auf der Kaiserstra\u00dfe als Appell an Vermieter<\/p>\n<p class=\"mb-6 text-xs md:text-m lg:text-l font-serif group-[.font-sans]:font-sans \">\n    <strong class=\"font-bold\">Die neueste Kampagne: \u201eT\u00fcren auf f\u00fcr Studenten\u201c.<\/strong> F\u00fcr zwei Wochen stehen \u00fcbergro\u00dfe T\u00fcren auf der Kaiserstra\u00dfe. Die Stadt spricht dabei von einem <strong class=\"font-bold\">\u201eAufruf\u201c, einer \u201eBitte\u201c an potenzielle Vermieter<\/strong>, Studenten ein Zuhause zu geben.\n  <\/p>\n<p>    <img decoding=\"async\" src=\"https:\/\/www.europesays.com\/de\/wp-content\/uploads\/2026\/04\/whatsapp-image-2026-04-29-at-104444.jpg\" alt=\"Wohnraumkampagne &quot;Dach gesucht&quot; in Karlsruhe.\" title=\"Wohnraumkampagne &quot;Dach gesucht&quot; in Karlsruhe.\" loading=\"lazy\" class=\"h-full w-full object-cover\"\/><\/p>\n<p>      Icon vergr\u00f6\u00dfern<\/p>\n<p>    Wohnraumkampagne &#8222;Dach gesucht&#8220; in Karlsruhe.<br \/>\n    Foto: Thomas Riedel<\/p>\n<p>        Schlie\u00dfen <\/p>\n<p>      Icon Schlie\u00dfen<\/p>\n<p>        Icon vergr\u00f6\u00dfern<\/p>\n<p>        Icon verkleinern<\/p>\n<p>      Icon Pfeil bewegen<\/p>\n<p>    Wohnraumkampagne &#8222;Dach gesucht&#8220; in Karlsruhe.<br \/>\n    Foto: Thomas Riedel<\/p>\n<p class=\"mb-6 text-xs md:text-m lg:text-l font-serif group-[.font-sans]:font-sans \">\n    Die Wohnraumkampagen  ist eine Initiative des Wissenschaftsb\u00fcros der Stadt <a href=\"https:\/\/www.ka-news.de\/karlsruhe\" target=\"_self\" class=\"underline \" rel=\"nofollow noopener\">Karlsruhe<\/a> zusammen mit dem Studierendenwerk Karlsruhe. Unter\u00adst\u00fctzt wird die Kampagne vom baden-w\u00fcrttembergischen Minis\u00adte\u00adrium f\u00fcr Wissen\u00adschaft, Forschung und Kunst\u00ad.\n  <\/p>\n<p>    <img decoding=\"async\" src=\"https:\/\/www.europesays.com\/de\/wp-content\/uploads\/2026\/04\/whatsapp-image-2026-04-29-at-104442.jpg\" alt=\"Wohnraumkampagne &quot;Dach gesucht&quot; in Karlsruhe.\" title=\"Wohnraumkampagne &quot;Dach gesucht&quot; in Karlsruhe.\" loading=\"lazy\" class=\"h-full w-full object-cover\"\/><\/p>\n<p>      Icon vergr\u00f6\u00dfern<\/p>\n<p>    Wohnraumkampagne &#8222;Dach gesucht&#8220; in Karlsruhe.<br \/>\n    Foto: Thomas Riedel<\/p>\n<p>        Schlie\u00dfen <\/p>\n<p>      Icon Schlie\u00dfen<\/p>\n<p>        Icon vergr\u00f6\u00dfern<\/p>\n<p>        Icon verkleinern<\/p>\n<p>      Icon Pfeil bewegen<\/p>\n<p>    Wohnraumkampagne &#8222;Dach gesucht&#8220; in Karlsruhe.<br \/>\n    Foto: Thomas Riedel<\/p>\n<p>            Weitere Informationen<\/p>\n<p class=\"mb-6 text-xs md:text-m lg:text-l font-serif group-[.font-sans]:font-sans \">\n    Neue Wohnungen f\u00fcr Studenten k\u00f6nnten k\u00fcnftig in der Hebelstra\u00dfe entstehen:<a href=\"https:\/\/www.ka-news.de\/karlsruhe\/stadtgespraech\/wohnen-in-karlsruhe-stadt-verkauft-immobilien-neue-wohnungen-fuer-studenten-geplant-29-4-26-114032993\" target=\"_self\" class=\"underline \" rel=\"nofollow noopener\"> Neue Wohnungen f\u00fcr Studenten geplant<\/a>\n  <\/p>\n<p class=\"mb-6 text-xs md:text-m lg:text-l font-serif group-[.font-sans]:font-sans \">\n    Wo in Karlsruhe das Wohnen besonders g\u00fcnstig ist, haben wir hier zusammengefasst: <a href=\"https:\/\/www.ka-news.de\/karlsruhe\/stadtgespraech\/wohnen-in-karlsruhe-guenstigste-mieten-laut-mietspiegel-in-stadtteilen-20-4-26-113978412\" target=\"_self\" class=\"underline \" rel=\"nofollow noopener\">Hier sind die Mieten 2026 am g\u00fcnstigsten<\/a>\n  <\/p>\n","protected":false},"excerpt":{"rendered":"Ein frei gewordenes Zimmer, ein umgebauter Dachboden oder ein Kellerraum \u2013 Wohnraum, der von Studenten gerne angenommen wird,&hellip;\n","protected":false},"author":2,"featured_media":981538,"comment_status":"","ping_status":"","sticky":false,"template":"","format":"standard","meta":{"footnotes":"","_share_on_mastodon":"0"},"categories":[1844],"tags":[32246,1634,3364,29,155813,71990,30,8903,7134,5337,11030],"class_list":["post-981537","post","type-post","status-publish","format-standard","has-post-thumbnail","category-karlsruhe","tag-wohnraum","tag-baden-wuerttemberg","tag-de","tag-deutschland","tag-gabriele-luczak-schwarz","tag-geldbeutel","tag-germany","tag-karlsruhe","tag-mieten","tag-wohnungen","tag-wohnungsnot"],"share_on_mastodon":{"url":"https:\/\/pubeurope.com\/@de\/116487374241914635","error":""},"_links":{"self":[{"href":"https:\/\/www.europesays.com\/de\/wp-json\/wp\/v2\/posts\/981537","targetHints":{"allow":["GET"]}}],"collection":[{"href":"https:\/\/www.europesays.com\/de\/wp-json\/wp\/v2\/posts"}],"about":[{"href":"https:\/\/www.europesays.com\/de\/wp-json\/wp\/v2\/types\/post"}],"author":[{"embeddable":true,"href":"https:\/\/www.europesays.com\/de\/wp-json\/wp\/v2\/users\/2"}],"replies":[{"embeddable":true,"href":"https:\/\/www.europesays.com\/de\/wp-json\/wp\/v2\/comments?post=981537"}],"version-history":[{"count":0,"href":"https:\/\/www.europesays.com\/de\/wp-json\/wp\/v2\/posts\/981537\/revisions"}],"wp:featuredmedia":[{"embeddable":true,"href":"https:\/\/www.europesays.com\/de\/wp-json\/wp\/v2\/media\/981538"}],"wp:attachment":[{"href":"https:\/\/www.europesays.com\/de\/wp-json\/wp\/v2\/media?parent=981537"}],"wp:term":[{"taxonomy":"category","embeddable":true,"href":"https:\/\/www.europesays.com\/de\/wp-json\/wp\/v2\/categories?post=981537"},{"taxonomy":"post_tag","embeddable":true,"href":"https:\/\/www.europesays.com\/de\/wp-json\/wp\/v2\/tags?post=981537"}],"curies":[{"name":"wp","href":"https:\/\/api.w.org\/{rel}","templated":true}]}}