{"id":981659,"date":"2026-04-29T10:56:16","date_gmt":"2026-04-29T10:56:16","guid":{"rendered":"https:\/\/www.europesays.com\/de\/981659\/"},"modified":"2026-04-29T10:56:16","modified_gmt":"2026-04-29T10:56:16","slug":"warum-faellt-der-goldpreis-der-aktuelle-hintergrund","status":"publish","type":"post","link":"https:\/\/www.europesays.com\/de\/981659\/","title":{"rendered":"Warum f\u00e4llt der Goldpreis? &#8211; Der aktuelle Hintergrund"},"content":{"rendered":"<p>Auch zum Mittwoch f\u00e4llt der Goldpreis kr\u00e4ftig. Von knapp \u00fcber 4.700 <a href=\"https:\/\/www.stuttgarter-zeitung.de\/thema\/Dollar\" title=\"Dollar\" class=\"art_thema\" rel=\"nofollow noopener\" target=\"_blank\">Dollar<\/a> zum Wochenbeginn fiel der Kurs auf aktuell 4.570 USD je Feinunze. Auch die <a href=\"https:\/\/www.stuttgarter-zeitung.de\/thema\/Gold\" title=\"Gold\" class=\"art_thema\" rel=\"nofollow noopener\" target=\"_blank\">Gold<\/a>-Futures f\u00fcr Juni liegen im Minus. Damit setzt sich die j\u00fcngste Schw\u00e4che des Edelmetalls fort. Anleger schauen vor mehreren Notenbankentscheidungen vor allem auf <a href=\"https:\/\/www.stuttgarter-zeitung.de\/thema\/Inflation\" title=\"Inflation\" class=\"art_thema\" rel=\"nofollow noopener\" target=\"_blank\">Inflation<\/a>, <a href=\"https:\/\/www.stuttgarter-zeitung.de\/thema\/Zinsen\" title=\"Zinsen\" class=\"art_thema\" rel=\"nofollow noopener\" target=\"_blank\">Zinsen<\/a> und die Entwicklung an den Energiem\u00e4rkten.<\/p>\n<p>\u00d6lpreis r\u00fcckt wieder in den Vordergrund <\/p>\n<p>Ein wichtiger Ausl\u00f6ser f\u00fcr den Druck auf den Goldpreis ist der kr\u00e4ftige Anstieg am \u00d6lmarkt. Die Hoffnung auf Fortschritte im Konflikt mit Iran hat nachgelassen, zugleich bleiben die Energiefl\u00fcsse beeintr\u00e4chtigt. Brent verteuerte sich dadurch deutlich und notierte zeitweise \u00fcber 110 Dollar je Barrel. F\u00fcr die Finanzm\u00e4rkte ist das ein klares Warnsignal, weil steigende \u00d6lpreise in vielen Bereichen die Kosten erh\u00f6hen und neuen Inflationsdruck erzeugen k\u00f6nnen.<\/p>\n<p> Inflationssorgen ver\u00e4ndern den Marktblick <\/p>\n<p>Normalerweise profitiert Gold in Phasen geopolitischer Unsicherheit als klassischer sicherer Hafen. Im aktuellen Umfeld ist dieser Effekt aber in den Hintergrund ger\u00fcckt. Stattdessen dominiert die Sorge, dass h\u00f6here Energiepreise die Inflation weiter anheizen k\u00f6nnten. Genau das ver\u00e4ndert den Blick der Anleger auf Gold. Nicht die Schutzfunktion des Metalls steht im Mittelpunkt, sondern die Frage, wie die Notenbanken auf einen m\u00f6glichen neuen Inflationsschub reagieren.<\/p>\n<p>Zinsen und ein starker Dollar <\/p>\n<p>Vor allem die Geldpolitik belastet den Goldpreis daher derzeit. An den M\u00e4rkten wird fest damit gerechnet, dass <a href=\"https:\/\/www.stuttgarter-zeitung.de\/inhalt.fed-zinsentscheid-april-2026-mhsd.0df6ea64-ed55-43ca-ab9c-1160db57741c.html\" target=\"_blank\" rel=\"nofollow noopener\">die US-Notenbank FED die Leitzinsen bei ihrer morgigen Sitzung unver\u00e4ndert l\u00e4sst<\/a>. Gleichzeitig w\u00e4chst die Erwartung, dass Zinssenkungen weiter auf sich warten lassen k\u00f6nnten. Teilweise wird sogar damit gerechnet, dass die Fed im weiteren Jahresverlauf erneut \u00fcber h\u00f6here Zinsen nachdenken muss, falls die Teuerung hoch bleibt. F\u00fcr Gold ist das ein Problem, weil das Metall keine laufenden Ertr\u00e4ge abwirft. Wenn Zinsen l\u00e4nger hoch bleiben oder sogar steigen, werden Anleihen und andere verzinste Anlagen im Vergleich attraktiver. Das mindert die Nachfrage nach Gold. Zus\u00e4tzlichen Gegenwind bekam der Goldpreis auch vom Devisenmarkt, denn der Dollar legte zuletzt zu, was Gold f\u00fcr K\u00e4ufer au\u00dferhalb des Dollarraums verteuert.<\/p>\n","protected":false},"excerpt":{"rendered":"Auch zum Mittwoch f\u00e4llt der Goldpreis kr\u00e4ftig. Von knapp \u00fcber 4.700 Dollar zum Wochenbeginn fiel der Kurs auf&hellip;\n","protected":false},"author":2,"featured_media":841613,"comment_status":"","ping_status":"","sticky":false,"template":"","format":"standard","meta":{"footnotes":"","_share_on_mastodon":"0"},"categories":[134],"tags":[175,170,169,29,707,11397,30,668,3550,871,171,174,1124,62251,4065,173,172,24323,5025],"class_list":["post-981659","post","type-post","status-publish","format-standard","has-post-thumbnail","category-unternehmen-maerkte","tag-business","tag-companies","tag-companies-markets","tag-deutschland","tag-edelmetalle","tag-fed","tag-germany","tag-gold","tag-goldpreis","tag-inflation","tag-markets","tag-maerkte","tag-oelpreis","tag-oelpreise","tag-rohstoffe","tag-unternehmen","tag-unternehmen-maerkte","tag-us-dollar","tag-zinsen"],"share_on_mastodon":{"url":"https:\/\/pubeurope.com\/@de\/116487637423977255","error":""},"_links":{"self":[{"href":"https:\/\/www.europesays.com\/de\/wp-json\/wp\/v2\/posts\/981659","targetHints":{"allow":["GET"]}}],"collection":[{"href":"https:\/\/www.europesays.com\/de\/wp-json\/wp\/v2\/posts"}],"about":[{"href":"https:\/\/www.europesays.com\/de\/wp-json\/wp\/v2\/types\/post"}],"author":[{"embeddable":true,"href":"https:\/\/www.europesays.com\/de\/wp-json\/wp\/v2\/users\/2"}],"replies":[{"embeddable":true,"href":"https:\/\/www.europesays.com\/de\/wp-json\/wp\/v2\/comments?post=981659"}],"version-history":[{"count":0,"href":"https:\/\/www.europesays.com\/de\/wp-json\/wp\/v2\/posts\/981659\/revisions"}],"wp:featuredmedia":[{"embeddable":true,"href":"https:\/\/www.europesays.com\/de\/wp-json\/wp\/v2\/media\/841613"}],"wp:attachment":[{"href":"https:\/\/www.europesays.com\/de\/wp-json\/wp\/v2\/media?parent=981659"}],"wp:term":[{"taxonomy":"category","embeddable":true,"href":"https:\/\/www.europesays.com\/de\/wp-json\/wp\/v2\/categories?post=981659"},{"taxonomy":"post_tag","embeddable":true,"href":"https:\/\/www.europesays.com\/de\/wp-json\/wp\/v2\/tags?post=981659"}],"curies":[{"name":"wp","href":"https:\/\/api.w.org\/{rel}","templated":true}]}}