{"id":981937,"date":"2026-04-29T13:35:18","date_gmt":"2026-04-29T13:35:18","guid":{"rendered":"https:\/\/www.europesays.com\/de\/981937\/"},"modified":"2026-04-29T13:35:18","modified_gmt":"2026-04-29T13:35:18","slug":"gottschalk-verschiebt-auftritt-aus-gesundheitlichen-gruenden","status":"publish","type":"post","link":"https:\/\/www.europesays.com\/de\/981937\/","title":{"rendered":"Gottschalk verschiebt Auftritt aus gesundheitlichen Gr\u00fcnden"},"content":{"rendered":"<p>Sorge um TV-Moderator <\/p>\n<p>Gottschalk verschiebt Auftritt aus gesundheitlichen Gr\u00fcnden<\/p>\n<p>29.04.2026 &#8211; 15:03 UhrLesedauer: 2 Min.<\/p>\n<p><a href=\"#focus-0\" class=\"transition-colors duration-200 block text-current relative\" data-sctrack=\"FocusGalleryImage.Reference\"><img fetchpriority=\"high\" data-testid=\"Opener.Image\" style=\"--lqipURL:url('https:\/\/images.t-online.de\/2026\/01\/A20DdSBY2ywW\/585x113:2985x1679\/fit-in\/150x0\/filters:blur(25)\/thomas-gottschalk-und-seine-letzte-zdf-sendung-wetten-dass-es-ist-das-ende-einer-tv-aera-die-sendung-wurde-live-im-zdf-uebertragen-25-112023-offenburg-baden-wuerttemberg-deutschland-europa-thomas-gottschalk-and-his-last-zdf-show-wetten-dass-its-the-end-of-a-tv-era-the-show-was-broadcast-live-on-zdf-25-11-2023-offenburg-baden-wuerttemberg-germany-europe.jpg')\"   loading=\"eager\" src=\"https:\/\/www.europesays.com\/de\/wp-content\/uploads\/2026\/04\/thomas-gottschalk-und-seine-letzte-zdf-sendung-wetten-dass-es-ist-das-ende-einer-tv-aera-die-sendung.jpeg\" alt=\"imago images 0371647248\" title=\"imago images 0371647248\" width=\"2985\" height=\"1679\" class=\"bg-[url:var(--lqipURL)] bg-cover bg-center flex h-full w-full max-w-full\" decoding=\"async\"\/><img style=\"--width:32;--height:32\" loading=\"lazy\" src=\"https:\/\/www.t-online.de\/s\/paper\/_next\/static\/media\/zoom-in.f7dae02f.svg\" alt=\"Vergr\u00f6\u00dfern des Bildes\" title=\"Vergr\u00f6\u00dfern des Bildes\" class=\"block h-[calc(var(--height)_\/_16_*_1rem)] w-[calc(var(--width)_\/_16_*_1rem)] max-w-none absolute bottom-8 right-8 rounded-4 bg-snow p-8\" decoding=\"async\"\/><\/a><\/p>\n<p>Thomas Gottschalk: Der ZDF-Moderator verabschiedete sich Ende November aus der \u00d6ffentlichkeit. (Quelle: IMAGO\/Arnulf Hettrich\/imago)<\/p>\n<p class=\"font-bold text-18 leading-17 user-text-lg:text-22 user-text-xl:text-24\">Eigentlich sollte Thomas Gottschalk kommende Woche eine Preisverleihung moderieren. Doch daraus wird nichts. Der Entertainer hat kurzfristig abgesagt.<\/p>\n<p class=\"text-18 leading-17 user-text-lg:text-22 user-text-xl:text-24\">Seit Ende vergangenen Jahres genie\u00dft <a class=\"transition-colors duration-200 cursor-pointer text-inherit no-underline text-salemsfur md:hover:text-magenta md:hover:border-magenta md:focus:text-magenta border-current border-b border-solid break-words\" data-tracking=\"{&quot;action&quot;:&quot;click&quot;,&quot;category&quot;:&quot;intextLink&quot;,&quot;label&quot;:&quot;\/themen\/thomas-gottschalk\/&quot;}\" href=\"https:\/\/www.t-online.de\/themen\/thomas-gottschalk\/\" data-sctrack=\"BodyAnchor\" rel=\"nofollow noopener\" target=\"_blank\">Thomas Gottschalk<\/a> seinen Ruhestand. Kurz nachdem er \u00f6ffentlich gemacht hatte, unter einer Krebserkrankung zu leiden, zog er sich zur\u00fcck. F\u00fcr die kommende Woche war sein Comeback geplant: In <a class=\"transition-colors duration-200 cursor-pointer text-inherit no-underline text-salemsfur md:hover:text-magenta md:hover:border-magenta md:focus:text-magenta border-current border-b border-solid break-words\" data-tracking=\"{&quot;action&quot;:&quot;click&quot;,&quot;category&quot;:&quot;intextLink&quot;,&quot;label&quot;:&quot;https:\/\/muenchen.t-online.de\/region\/muenchen\/&quot;}\" href=\"https:\/\/muenchen.t-online.de\/region\/muenchen\/\" data-sctrack=\"BodyAnchor\" rel=\"nofollow noopener\" target=\"_blank\">M\u00fcnchen<\/a> wollte der 75-J\u00e4hrige die Preisverleihung &#8222;Goldener Ochsensepp&#8220; moderieren, die an den Widerstandsk\u00e4mpfer und CSU-Mitgr\u00fcnder Josef M\u00fcller erinnert. Wie der &#8222;Spiegel&#8220; am Mittwoch berichtet, wird daraus nichts.<\/p>\n<p class=\"text-18 leading-17 user-text-lg:text-22 user-text-xl:text-24\">Gottschalk habe abgesagt. Auf Anfrage des Magazins teilt er mit: &#8222;Ich werde mich vor dem Herbst nicht \u00f6ffentlich auf die B\u00fchne stellen&#8220;, so der Moderator. Der fr\u00fchere \u00f6sterreichische \u00d6VP-Bundeskanzler <a class=\"transition-colors duration-200 cursor-pointer text-inherit no-underline text-salemsfur md:hover:text-magenta md:hover:border-magenta md:focus:text-magenta border-current border-b border-solid break-words\" data-tracking=\"{&quot;action&quot;:&quot;click&quot;,&quot;category&quot;:&quot;intextLink&quot;,&quot;label&quot;:&quot;\/themen\/sebastian-kurz\/&quot;}\" href=\"https:\/\/www.t-online.de\/themen\/sebastian-kurz\/\" data-sctrack=\"BodyAnchor\" rel=\"nofollow noopener\" target=\"_blank\">Sebastian Kurz<\/a> soll bei der Veranstaltung eine Auszeichnung erhalten, Gottschalk h\u00e4tte den Preis \u00fcberreichen sollen. Doch er werde &#8222;weder f\u00fcr Kurz noch f\u00fcr jemanden anderen&#8220; derzeit \u00f6ffentlich auftreten, sagt Gottschalk. Erst Richtung Herbst wolle er schauen, &#8222;was die Gesundheit macht&#8220;.<\/p>\n<p class=\"text-18 leading-17 user-text-lg:text-22 user-text-xl:text-24\">Der k\u00fcnstlerische Leiter der Preisverleihung, Holm Dressler, best\u00e4tigt die Absage des Moderators. Man habe bereits umgeplant, teilt er mit: &#8222;Wir haben die Veranstaltung auf September verschoben und planen weiterhin mit Thomas, sofern seine Gesundheit es erlaubt.&#8220;<\/p>\n<p class=\"text-18 leading-17 user-text-lg:text-22 user-text-xl:text-24\">Die Absage erfolgt kurzfristig. Auf der entsprechenden Homepage des Events war noch bis Mittwochvormittag zu lesen, dass Thomas Gottschalk am 9. Mai im Hotel Bayerischer Hof dabei sein werde. Ob dies am ver\u00e4nderten Gesundheitszustand des Moderators liegt oder andere Gr\u00fcnde hat, ist unklar.<\/p>\n<p class=\"text-18 leading-17 user-text-lg:text-22 user-text-xl:text-24\">Nach zwei missratenen Auftritten erregte Gottschalk vergangenes Jahr viel Aufsehen. Im November machte er dann seine Krebserkrankung \u00f6ffentlich und sprach davon, dass er durch die Nebenwirkungen seiner Medikamente an Beeintr\u00e4chtigungen leide.<\/p>\n","protected":false},"excerpt":{"rendered":"Sorge um TV-Moderator Gottschalk verschiebt Auftritt aus gesundheitlichen Gr\u00fcnden 29.04.2026 &#8211; 15:03 UhrLesedauer: 2 Min. Thomas Gottschalk: Der&hellip;\n","protected":false},"author":2,"featured_media":981938,"comment_status":"","ping_status":"","sticky":false,"template":"","format":"standard","meta":{"footnotes":"","_share_on_mastodon":"0"},"categories":[155],"tags":[774,29,214,30,212732,1268,63350,8718,132627,8266,215],"class_list":["post-981937","post","type-post","status-publish","format-standard","has-post-thumbnail","category-unterhaltung","tag-csu","tag-deutschland","tag-entertainment","tag-germany","tag-josef-mueller","tag-muenchen","tag-oevp","tag-preisverleihung","tag-sebastian-kurz","tag-thomas-gottschalk","tag-unterhaltung"],"share_on_mastodon":{"url":"https:\/\/pubeurope.com\/@de\/116488262836169261","error":""},"_links":{"self":[{"href":"https:\/\/www.europesays.com\/de\/wp-json\/wp\/v2\/posts\/981937","targetHints":{"allow":["GET"]}}],"collection":[{"href":"https:\/\/www.europesays.com\/de\/wp-json\/wp\/v2\/posts"}],"about":[{"href":"https:\/\/www.europesays.com\/de\/wp-json\/wp\/v2\/types\/post"}],"author":[{"embeddable":true,"href":"https:\/\/www.europesays.com\/de\/wp-json\/wp\/v2\/users\/2"}],"replies":[{"embeddable":true,"href":"https:\/\/www.europesays.com\/de\/wp-json\/wp\/v2\/comments?post=981937"}],"version-history":[{"count":0,"href":"https:\/\/www.europesays.com\/de\/wp-json\/wp\/v2\/posts\/981937\/revisions"}],"wp:featuredmedia":[{"embeddable":true,"href":"https:\/\/www.europesays.com\/de\/wp-json\/wp\/v2\/media\/981938"}],"wp:attachment":[{"href":"https:\/\/www.europesays.com\/de\/wp-json\/wp\/v2\/media?parent=981937"}],"wp:term":[{"taxonomy":"category","embeddable":true,"href":"https:\/\/www.europesays.com\/de\/wp-json\/wp\/v2\/categories?post=981937"},{"taxonomy":"post_tag","embeddable":true,"href":"https:\/\/www.europesays.com\/de\/wp-json\/wp\/v2\/tags?post=981937"}],"curies":[{"name":"wp","href":"https:\/\/api.w.org\/{rel}","templated":true}]}}