{"id":981950,"date":"2026-04-29T13:41:16","date_gmt":"2026-04-29T13:41:16","guid":{"rendered":"https:\/\/www.europesays.com\/de\/981950\/"},"modified":"2026-04-29T13:41:16","modified_gmt":"2026-04-29T13:41:16","slug":"wochenend-sperrung-auf-a14-bei-halle-verursacht-umleitungen","status":"publish","type":"post","link":"https:\/\/www.europesays.com\/de\/981950\/","title":{"rendered":"Wochenend-Sperrung auf A14 bei Halle verursacht Umleitungen"},"content":{"rendered":"<p _ngcontent-sc113=\"\"> 29. April 2026 \u2013 dpa Nachrichten <\/p>\n<p _ngcontent-sc113=\"\">Autofahrer rund um Halle brauchen am Wochenende Geduld: Auf der A14 kommt es zu stundenlangen Vollsperrungen in beide Richtungen. Welche Strecken betroffen sind und wie der Verkehr umgeleitet wird.<\/p>\n<p _ngcontent-sc85=\"\" align=\"false\">Autofahrerinnen und Autofahrer auf der A14 m\u00fcssen sich an diesem Wochenende auf erhebliche Einschr\u00e4nkungen einstellen. Zwischen der Anschlussstelle L\u00f6bej\u00fcn und Halle-Trotha wird die Strecke in beiden Richtungen nacheinander f\u00fcr mehrere Stunden voll gesperrt, wie die Autobahn GmbH des Bundes mitteilte. <\/p>\n<p>Sperrung Richtung Halle am Samstag<\/p>\n<p _ngcontent-sc85=\"\" align=\"false\">Am Samstag ist demnach von etwa 2.00 Uhr bis 23.30 Uhr die Fahrtrichtung Halle betroffen. Die Auffahrt an der Anschlussstelle L\u00f6bej\u00fcn in Richtung Halle ist ebenfalls gesperrt. Der Verkehr soll dort von der Autobahn abgeleitet und \u00fcber die ausgeschilderte Umleitung U24 \u00fcber die Landstra\u00dfe 50 gef\u00fchrt werden. Die Strecke f\u00fchrt zur\u00fcck zur Anschlussstelle Halle-Trotha.<\/p>\n<p>Einschr\u00e4nkungen Richtung Magdeburg am Sonntag<\/p>\n<p _ngcontent-sc85=\"\" align=\"false\">Am Sonntag folgt die Gegenrichtung: Von etwa 2.00 Uhr bis 21.00 Uhr ist die A14 zwischen Halle-Trotha und L\u00f6bej\u00fcn in Fahrtrichtung Magdeburg gesperrt. Auch die Auffahrt Halle-Trotha in Richtung Magdeburg ist dann dicht. Der Verkehr wird \u00fcber die Umleitung U5 gef\u00fchrt und bei L\u00f6bej\u00fcn wieder auf die Autobahn geleitet.<\/p>\n<p _ngcontent-sc85=\"\" align=\"false\">Grund f\u00fcr die Sperrungen sind Bauarbeiten f\u00fcr ein Autobahndreieck im Zuge des Neubaus der Autobahn 143. Verkehrsteilnehmer sollten mehr Zeit einplanen und den Bereich m\u00f6glichst umfahren, hie\u00df es weiter.<\/p>\n","protected":false},"excerpt":{"rendered":"29. April 2026 \u2013 dpa Nachrichten Autofahrer rund um Halle brauchen am Wochenende Geduld: Auf der A14 kommt&hellip;\n","protected":false},"author":2,"featured_media":981951,"comment_status":"","ping_status":"","sticky":false,"template":"","format":"standard","meta":{"footnotes":"","_share_on_mastodon":"0"},"categories":[1860],"tags":[4057,4055,4056,3951,4052,3364,29,548,663,3934,30,4059,4062,17332,13,4006,4060,4063,4053,810,14,15,83,4061,17331,860,4054,12,4058,4051],"class_list":["post-981950","post","type-post","status-publish","format-standard","has-post-thumbnail","category-halle-saale","tag-2000er","tag-80er","tag-90er","tag-aktion","tag-brocken","tag-de","tag-deutschland","tag-eu","tag-europa","tag-europe","tag-germany","tag-gewinnen","tag-halle","tag-halle-saale","tag-headlines","tag-live","tag-lokal","tag-magdeburg","tag-morgenshow","tag-musik","tag-nachrichten","tag-news","tag-radio","tag-regional","tag-saale","tag-sachsen-anhalt","tag-saxony","tag-schlagzeilen","tag-stream","tag-team"],"share_on_mastodon":{"url":"https:\/\/pubeurope.com\/@de\/116488286245338257","error":""},"_links":{"self":[{"href":"https:\/\/www.europesays.com\/de\/wp-json\/wp\/v2\/posts\/981950","targetHints":{"allow":["GET"]}}],"collection":[{"href":"https:\/\/www.europesays.com\/de\/wp-json\/wp\/v2\/posts"}],"about":[{"href":"https:\/\/www.europesays.com\/de\/wp-json\/wp\/v2\/types\/post"}],"author":[{"embeddable":true,"href":"https:\/\/www.europesays.com\/de\/wp-json\/wp\/v2\/users\/2"}],"replies":[{"embeddable":true,"href":"https:\/\/www.europesays.com\/de\/wp-json\/wp\/v2\/comments?post=981950"}],"version-history":[{"count":0,"href":"https:\/\/www.europesays.com\/de\/wp-json\/wp\/v2\/posts\/981950\/revisions"}],"wp:featuredmedia":[{"embeddable":true,"href":"https:\/\/www.europesays.com\/de\/wp-json\/wp\/v2\/media\/981951"}],"wp:attachment":[{"href":"https:\/\/www.europesays.com\/de\/wp-json\/wp\/v2\/media?parent=981950"}],"wp:term":[{"taxonomy":"category","embeddable":true,"href":"https:\/\/www.europesays.com\/de\/wp-json\/wp\/v2\/categories?post=981950"},{"taxonomy":"post_tag","embeddable":true,"href":"https:\/\/www.europesays.com\/de\/wp-json\/wp\/v2\/tags?post=981950"}],"curies":[{"name":"wp","href":"https:\/\/api.w.org\/{rel}","templated":true}]}}