{"id":982132,"date":"2026-04-29T15:17:15","date_gmt":"2026-04-29T15:17:15","guid":{"rendered":"https:\/\/www.europesays.com\/de\/982132\/"},"modified":"2026-04-29T15:17:15","modified_gmt":"2026-04-29T15:17:15","slug":"item-aus-solingen-ist-bei-der-nacht-der-technik-2026-im-bergischen-am-start","status":"publish","type":"post","link":"https:\/\/www.europesays.com\/de\/982132\/","title":{"rendered":"item aus Solingen ist bei der Nacht der Technik 2026 im Bergischen am Start"},"content":{"rendered":"<p class=\"text_ohne_einzug richtext text-em-55 !leading-serif mx-6 desktop:mx-0\"> Technikbegeisterte Kinder lieben das: Baukasten-Systeme, mit denen sich alles M\u00f6gliche zusammenbasteln l\u00e4sst, von der Hubb\u00fchne \u00fcbers E-Mobil bis zur Zugbr\u00fccke. \u201eFischertechnik\u201c lautet der generische Markenname daf\u00fcr. Auch Stephan Buchmann benutzt ihn \u2013 um zu erkl\u00e4ren, was seine item Industrietechnik GmbH macht. Denn item ist dem Gesch\u00e4ftsf\u00fchrer zufolge quasi Fischertechnik in gro\u00df: ein Baukasten-System, dessen Elemente sich zu wesentlichen Bestandteilen von Arbeitspl\u00e4tzen, Produktionsstra\u00dfen, Fabriken zusammensetzen lassen.<\/p>\n","protected":false},"excerpt":{"rendered":"Technikbegeisterte Kinder lieben das: Baukasten-Systeme, mit denen sich alles M\u00f6gliche zusammenbasteln l\u00e4sst, von der Hubb\u00fchne \u00fcbers E-Mobil bis&hellip;\n","protected":false},"author":2,"featured_media":982133,"comment_status":"","ping_status":"","sticky":false,"template":"","format":"standard","meta":{"footnotes":"","_share_on_mastodon":"0"},"categories":[1840],"tags":[212762,16314,3364,29,5680,30,149228,212760,212764,11954,212766,61986,212765,1209,212763,7223,212761,194,4418],"class_list":["post-982132","post","type-post","status-publish","format-standard","has-post-thumbnail","category-wuppertal","tag-67-000","tag-bergischen","tag-de","tag-deutschland","tag-digital","tag-germany","tag-industrietechnik","tag-item","tag-kundenloesungen","tag-loesungen","tag-metalltechnik","tag-mitarbeitende","tag-montagetechnik","tag-nordrhein-westfalen","tag-profiltechnik","tag-solingen","tag-systembaukasten","tag-technik","tag-wuppertal"],"share_on_mastodon":{"url":"https:\/\/pubeurope.com\/@de\/116488663818281853","error":""},"_links":{"self":[{"href":"https:\/\/www.europesays.com\/de\/wp-json\/wp\/v2\/posts\/982132","targetHints":{"allow":["GET"]}}],"collection":[{"href":"https:\/\/www.europesays.com\/de\/wp-json\/wp\/v2\/posts"}],"about":[{"href":"https:\/\/www.europesays.com\/de\/wp-json\/wp\/v2\/types\/post"}],"author":[{"embeddable":true,"href":"https:\/\/www.europesays.com\/de\/wp-json\/wp\/v2\/users\/2"}],"replies":[{"embeddable":true,"href":"https:\/\/www.europesays.com\/de\/wp-json\/wp\/v2\/comments?post=982132"}],"version-history":[{"count":0,"href":"https:\/\/www.europesays.com\/de\/wp-json\/wp\/v2\/posts\/982132\/revisions"}],"wp:featuredmedia":[{"embeddable":true,"href":"https:\/\/www.europesays.com\/de\/wp-json\/wp\/v2\/media\/982133"}],"wp:attachment":[{"href":"https:\/\/www.europesays.com\/de\/wp-json\/wp\/v2\/media?parent=982132"}],"wp:term":[{"taxonomy":"category","embeddable":true,"href":"https:\/\/www.europesays.com\/de\/wp-json\/wp\/v2\/categories?post=982132"},{"taxonomy":"post_tag","embeddable":true,"href":"https:\/\/www.europesays.com\/de\/wp-json\/wp\/v2\/tags?post=982132"}],"curies":[{"name":"wp","href":"https:\/\/api.w.org\/{rel}","templated":true}]}}