{"id":982447,"date":"2026-04-29T18:14:17","date_gmt":"2026-04-29T18:14:17","guid":{"rendered":"https:\/\/www.europesays.com\/de\/982447\/"},"modified":"2026-04-29T18:14:17","modified_gmt":"2026-04-29T18:14:17","slug":"ausstieg-aus-fossiler-energie-eu-fordert-weltweiten-stopp-neuer-bohrungen-nach-oel-und-gas","status":"publish","type":"post","link":"https:\/\/www.europesays.com\/de\/982447\/","title":{"rendered":"Ausstieg aus fossiler Energie: EU fordert weltweiten Stopp neuer Bohrungen nach \u00d6l und Gas"},"content":{"rendered":"<p>Wopke Hoekstra, der EU-Kommissar f\u00fcr Klimapolitik, fordert, die Welt m\u00fcsse aufh\u00f6ren, nach neuen fossilen Brennstoffen zu bohren. Die globale Energiesicherheit h\u00e4nge von der Verringerung der Abh\u00e4ngigkeit von \u00d6l und Gas ab.<\/p>\n<p>          <img decoding=\"async\" class=\"c-ad__placeholder__logo\" src=\"https:\/\/static.euronews.com\/website\/images\/logos\/logo-euronews-stacked-outlined-72x72-grey-9.svg\" width=\"72\" height=\"72\" alt=\"\" loading=\"lazy\"\/><br \/>\n          WERBUNG<\/p>\n<p>          <img decoding=\"async\" class=\"c-ad__placeholder__logo\" src=\"https:\/\/static.euronews.com\/website\/images\/logos\/logo-euronews-stacked-outlined-72x72-grey-9.svg\" width=\"72\" height=\"72\" alt=\"\" loading=\"lazy\"\/><br \/>\n          WERBUNG<\/p>\n<p>In seiner Rede auf einer internationalen Konferenz in Santa Marta in Kolumbien, die sich den endg\u00fcltigen Ausstieg aus \u00d6l, Gas und Kohle zum Ziel gesetzt hat, sagte der EU-Klimachef, es sollten wissenschaftlich fundierte, messbare Schritte festgelegt werden, um den Ausstieg aus fossilen Brennstoffen zu unterst\u00fctzen. &#8222;Beim Klimawandel z\u00e4hlt die Wissenschaft. Und die Abkehr von fossilen Brennstoffen ist ein sehr konkreter Weg, der Wissenschaft zu folgen&#8220;.<\/p>\n<p>Die erste internationale Konferenz zum Ausstieg aus der Nutzung fossiler Brennstoffe, an der 60 L\u00e4nder, darunter auch einige gro\u00dfe \u00d6lproduzenten, teilnehmen, findet zu einem g\u00fcnstigen Zeitpunkt statt.<\/p>\n<p>Die weltweite Nachfrage nach Erd\u00f6l und Erdgas ist infolge des von den USA angef\u00fchrten Krieges gegen den Iran und der Schlie\u00dfung der <a href=\"https:\/\/de.euronews.com\/2026\/04\/01\/strasse-von-hormus-oelpreise-europa\" rel=\"nofollow noopener\" target=\"_blank\">Stra\u00dfe von Hormus<\/a>, einer der wichtigsten Handelsrouten, stark angestiegen. Dennoch besteht die Europ\u00e4ische Union darauf, dass das langfristige Ziel einer sauberen Energieversorgung notwendiger denn je ist.<\/p>\n<p>Einige EU-L\u00e4nder planen R\u00fcckkehr zu fossiler Energie<\/p>\n<p>Doch w\u00e4hrend die EU-Minister angesichts steigender Energiepreise um eine sichere Versorgung ringen , erw\u00e4gen einige L\u00e4nder, ihre fossilen Brennstoffreserven anzuzapfen, um sie zu retten.<\/p>\n<p>Noch vor den j\u00fcngsten Marktst\u00f6rungen erteilte Griechenland seine erste Offshore-\u00d6l- und Gasexplorationslizenz seit \u00fcber vier Jahrzehnten. Auch Italien erw\u00e4gt die Wiederaufnahme der Offshore-\u00d6l- und Gasbohrungen, die 2019 ausgesetzt wurde.<\/p>\n<p>Rom und Berlin haben sogar eine vor\u00fcbergehende <a href=\"https:\/\/de.euronews.com\/2026\/04\/03\/italien-setzt-auf-kohle-eu-staaten-wappnen-sich-mit-erneuerbaren-im-iran-krieg\" rel=\"nofollow noopener\" target=\"_blank\">R\u00fcckkehr zur Kohle<\/a> vorgeschlagen, um die steigenden Strompreise zu senken.<\/p>\n<p>Hoekstra erkl\u00e4rte aber, der \u00dcbergang zu sauberer Energie sei langfristig die beste L\u00f6sung. &#8222;Wir m\u00fcssen unsere Abh\u00e4ngigkeit von fossilen Brennstoffen verringern, um unsere Energiesicherheit zu gew\u00e4hrleisten. Wir k\u00f6nnen nicht der Gnade von Regimen ausgeliefert sein, die unsere Ressourcen aufhalten&#8220;, sagte er.<\/p>\n<p>&#8222;Solange wir von fossilen Brennstoffen abh\u00e4ngig sind, sind wir anf\u00e4llig f\u00fcr Unbest\u00e4ndigkeit und Druck von au\u00dfen. Was ist die Antwort? Wir m\u00fcssen auf erschwingliche, verl\u00e4ssliche, einheimische saubere Energie setzen. Wir m\u00fcssen schneller zu einem sauberen, elektrifizierten Energiesystem \u00fcbergehen. F\u00fcr das Klima, aber auch f\u00fcr Sicherheit, Widerstandsf\u00e4higkeit, Wettbewerbsf\u00e4higkeit und Unabh\u00e4ngigkeit&#8220;.<\/p>\n<p>Hoekstra forderte eine Verdoppelung der Energieeffizienz, eine Verdreifachung der erneuerbaren Energien bis 2030 und eine st\u00e4rkere Elektrifizierung, um die Anf\u00e4lligkeit f\u00fcr Preis- und Versorgungsschocks auf den globalen M\u00e4rkten zu verhindern.<\/p>\n<p>Er sagte auch, dass sich die j\u00e4hrlichen COP-Klimatreffen der Vereinten Nationen nicht schnell und nicht weit genug bewegen w\u00fcrden.<\/p>\n<p>&#8222;Wir alle wissen, dass der COP-Prozess leider nicht immer das bringt, was er bringen sollte. Das bedeutet, dass wir ihn verbessern m\u00fcssen. Gleichzeitig m\u00fcssen wir aber auch sicherstellen, dass wir das Beste aus diesen plurilateralen Initiativen machen&#8220;, so Hoekstra, w\u00e4hrend er Brasilien daf\u00fcr dankte, dass es auf der COP30 im November 2025 die Initiative zur Abkehr von fossilen Brennstoffen eingebracht hat.<\/p>\n<p>Schwung f\u00fcr COP31<\/p>\n<p>D\u00e4nemark, Irland, Portugal, Spanien und das Vereinigte K\u00f6nigreich geh\u00f6ren zu den europ\u00e4ischen Nationen, die auf der Konferenz in <a href=\"https:\/\/transitionawayconference.com\/agenda\" target=\"_blank\" rel=\"noreferrer nofollow noopener\">Santa Marta<\/a> vertreten sind, einem globalen Treffen, das lange vor dem Konflikt im Nahen Osten geplant wurde.<\/p>\n<p>Rachel Kyte, die britische Sonderbeauftragte f\u00fcr Klimafragen, sagte, die Blockade der Stra\u00dfe von Hormus habe L\u00e4nder auf der ganzen Welt dazu gezwungen, sich auf saubere Energie umzustellen. Gro\u00dfbritannien sei bereit, &#8222;diejenigen zu unterst\u00fctzen, die ihren \u00dcbergang zu sauberer und sicherer Energie vorantreiben wollen&#8220;.<\/p>\n<p>&#8222;Wir haben die Erfahrung unseres Wandels zu teilen und die j\u00fcngste Erfahrung, mit unserer Mission f\u00fcr saubere Energie zur Energiesicherheit beizutragen&#8220;, betonte Kyte im Gespr\u00e4ch mit Euronews.<\/p>\n<p>Die spanische Energie- und Umweltministerin Sara Aagesen lobte das Treffen in Santa Marta als &#8222;Erfolg&#8220;, der Allianzen und einen Konsens schaffen werde, um die Dynamik im Vorfeld der COP31 in der T\u00fcrkei aufrechtzuerhalten.<\/p>\n<p>&#8222;Die Abh\u00e4ngigkeit von fossilen Brennstoffen macht uns unglaublich verwundbar&#8220;, sagte Aagesen. &#8222;Wir m\u00fcssen auf diese Agenda f\u00fcr saubere Energie setzen. Wir haben unsere eigene Erfolgsgeschichte, die es uns erm\u00f6glicht hat, weniger abh\u00e4ngig zu sein und uns besser vor Preisspitzen im Energiebereich zu sch\u00fctzen.<\/p>\n<p>Konsens unter den \u00d6lproduzenten angestrebt<\/p>\n<p>Auch mehrere gro\u00dfe Erd\u00f6l produzierende L\u00e4nder, darunter Kanada, Norwegen, Brasilien und Nigeria, nehmen an der Konferenz Santa Marta teil. Andere, wie die Vereinigten Staaten und Russland, wurden aufgrund ihrer, wie Kolumbiens Umweltministerin Irene V\u00e9lez Torres es ausdr\u00fcckte, &#8222;offen extraktivistischen&#8220; Positionen nicht eingeladen.<\/p>\n<p>China, der weltgr\u00f6\u00dfte Verbraucher von Kohle und \u00d6l, wurde ebenfalls ausgeschlossen, da sein Status als <a href=\"https:\/\/de.euronews.com\/2026\/01\/22\/bericht-verbindet-grosste-emittenten-mit-landern-die-den-fossilausstieg-blockieren\" rel=\"nofollow noopener\" target=\"_blank\">gr\u00f6\u00dfter globaler Emittent <\/a>Verpflichtungen zum Ausstieg aus fossilen Brennstoffen besonders schwierig machen w\u00fcrde, so Torres.<\/p>\n<p>Die kolumbianische Umweltministerin sagte, die in Santa Marta versammelten L\u00e4nder seien eine &#8222;Koalition der Willigen&#8220;, die den Stillstand, den die gro\u00dfen Produzenten fossiler Brennstoffe bei den UN-Klimagespr\u00e4chen oft verursachen, umgehen wolle.<\/p>\n<p>Klimaforschende pr\u00e4sentierten auf der Veranstaltung in Santa Marta wissenschaftliche Workshops, unter anderem zu den m\u00f6glichen Auswirkungen auf die \u00f6ffentliche Gesundheit und die Arbeitspl\u00e4tze in einer Welt, die nicht mehr von der Produktion und Nutzung fossiler Brennstoffe abh\u00e4ngig ist.<\/p>\n<p>Auch wenn von dem Treffen keine gr\u00f6\u00dferen neuen Initiativen erwartet werden, ist es doch das Ziel, gemeinsame Ma\u00dfnahmen zu finden, die einzeln nur schwer zu erreichen w\u00e4ren.<\/p>\n<p>&#8222;Wir schlagen ein neues Kapitel der globalen politischen Diskussion auf, das nat\u00fcrlich nicht alle Herausforderungen auf einer einzigen Konferenz l\u00f6sen kann&#8220;, erkl\u00e4rte Torres gegen\u00fcber Reportern. &#8222;Was hier z\u00e4hlt, ist die Erkl\u00e4rung, was wir zu tun bereit sind, um die Abh\u00e4ngigkeit von fossilen Brennstoffen zu beenden.&#8220;<\/p>\n","protected":false},"excerpt":{"rendered":"Wopke Hoekstra, der EU-Kommissar f\u00fcr Klimapolitik, fordert, die Welt m\u00fcsse aufh\u00f6ren, nach neuen fossilen Brennstoffen zu bohren. Die&hellip;\n","protected":false},"author":2,"featured_media":982448,"comment_status":"","ping_status":"","sticky":false,"template":"","format":"standard","meta":{"footnotes":"","_share_on_mastodon":"0"},"categories":[3933],"tags":[331,332,70019,548,9864,663,158,3934,3935,51992,13,1563,47040,14,15,27233,12],"class_list":["post-982447","post","type-post","status-publish","format-standard","has-post-thumbnail","category-eu","tag-aktuelle-nachrichten","tag-aktuelle-news","tag-cop30","tag-eu","tag-eu-politik","tag-europa","tag-europaeische-union","tag-europe","tag-european-union","tag-fossile-energien","tag-headlines","tag-klima","tag-kolumbien","tag-nachrichten","tag-news","tag-saubere-energie","tag-schlagzeilen"],"share_on_mastodon":{"url":"https:\/\/pubeurope.com\/@de\/116489359809979822","error":""},"_links":{"self":[{"href":"https:\/\/www.europesays.com\/de\/wp-json\/wp\/v2\/posts\/982447","targetHints":{"allow":["GET"]}}],"collection":[{"href":"https:\/\/www.europesays.com\/de\/wp-json\/wp\/v2\/posts"}],"about":[{"href":"https:\/\/www.europesays.com\/de\/wp-json\/wp\/v2\/types\/post"}],"author":[{"embeddable":true,"href":"https:\/\/www.europesays.com\/de\/wp-json\/wp\/v2\/users\/2"}],"replies":[{"embeddable":true,"href":"https:\/\/www.europesays.com\/de\/wp-json\/wp\/v2\/comments?post=982447"}],"version-history":[{"count":0,"href":"https:\/\/www.europesays.com\/de\/wp-json\/wp\/v2\/posts\/982447\/revisions"}],"wp:featuredmedia":[{"embeddable":true,"href":"https:\/\/www.europesays.com\/de\/wp-json\/wp\/v2\/media\/982448"}],"wp:attachment":[{"href":"https:\/\/www.europesays.com\/de\/wp-json\/wp\/v2\/media?parent=982447"}],"wp:term":[{"taxonomy":"category","embeddable":true,"href":"https:\/\/www.europesays.com\/de\/wp-json\/wp\/v2\/categories?post=982447"},{"taxonomy":"post_tag","embeddable":true,"href":"https:\/\/www.europesays.com\/de\/wp-json\/wp\/v2\/tags?post=982447"}],"curies":[{"name":"wp","href":"https:\/\/api.w.org\/{rel}","templated":true}]}}