{"id":982539,"date":"2026-04-29T19:05:18","date_gmt":"2026-04-29T19:05:18","guid":{"rendered":"https:\/\/www.europesays.com\/de\/982539\/"},"modified":"2026-04-29T19:05:18","modified_gmt":"2026-04-29T19:05:18","slug":"usa-notenbank-fed-laesst-leitzins-unveraendert","status":"publish","type":"post","link":"https:\/\/www.europesays.com\/de\/982539\/","title":{"rendered":"USA: Notenbank Fed l\u00e4sst Leitzins unver\u00e4ndert"},"content":{"rendered":"<p>Gegen Trumps Willen <\/p>\n<p>US-Notenbank l\u00e4sst Leitzins unver\u00e4ndert<\/p>\n<p>29.04.2026 &#8211; 20:06 UhrLesedauer: 1 Min.<\/p>\n<p><a href=\"#focus-0\" class=\"transition-colors duration-200 block text-current relative\" data-sctrack=\"FocusGalleryImage.Reference\"><img fetchpriority=\"high\" data-testid=\"Opener.Image\" style=\"--lqipURL:url('https:\/\/images.t-online.de\/2026\/01\/J9FzfJxmvyVT\/0x138:2062x1160\/fit-in\/150x0\/filters:blur(25)\/donald-trump-mit-fed-chef-jerome-powell-der-us-praesident-zerstoert-vertrauen-warnt-oekonom-david-mcwilliams.jpg')\"   loading=\"eager\" src=\"https:\/\/www.europesays.com\/de\/wp-content\/uploads\/2026\/04\/donald-trump-mit-fed-chef-jerome-powell-der-us-praesident-zerstoert-vertrauen-warnt-oekonom-david-mc.jpeg\" alt=\"Donald Trump mit Fed-Chef Jerome Powell: Der US-Pr\u00e4sident zerst\u00f6rt Vertrauen, warnt \u00d6konom David McWilliams.\" title=\"Donald Trump mit Fed-Chef Jerome Powell: Der US-Pr\u00e4sident zerst\u00f6rt Vertrauen, warnt \u00d6konom David McWilliams.\" width=\"2062\" height=\"1160\" class=\"bg-[url:var(--lqipURL)] bg-cover bg-center flex h-full w-full max-w-full\" decoding=\"async\"\/><img style=\"--width:32;--height:32\" loading=\"lazy\" src=\"https:\/\/www.t-online.de\/s\/paper\/_next\/static\/media\/zoom-in.f7dae02f.svg\" alt=\"Vergr\u00f6\u00dfern des Bildes\" title=\"Vergr\u00f6\u00dfern des Bildes\" class=\"block h-[calc(var(--height)_\/_16_*_1rem)] w-[calc(var(--width)_\/_16_*_1rem)] max-w-none absolute bottom-8 right-8 rounded-4 bg-snow p-8\" decoding=\"async\"\/><\/a><\/p>\n<p>Donald Trump (l.) mit Fed-Chef Jerome Powell: Der US-Pr\u00e4sident fordert immer wieder die Senkung des Leitzinses. (Quelle: Carlos Barria\/reuters)<\/p>\n<p class=\"font-bold text-18 leading-17 user-text-lg:text-22 user-text-xl:text-24\">Mitte Mai endet die Amtszeit des Chefs der US-Notenbank. Jerome Powells letzte wichtige Entscheidung d\u00fcrfte dem US-Pr\u00e4sidenten nicht gefallen.<\/p>\n<p class=\"text-18 leading-17 user-text-lg:text-22 user-text-xl:text-24\">Die US-Notenbank Fed hat ihre Leitzinsen wie erwartet unver\u00e4ndert gelassen. Die Zinsspanne verharrt bei 3,50 bis 3,75 Prozent, wie die Fed am Mittwoch in <a class=\"transition-colors duration-200 cursor-pointer text-inherit no-underline text-salemsfur md:hover:text-magenta md:hover:border-magenta md:focus:text-magenta border-current border-b border-solid break-words\" data-tracking=\"{&quot;action&quot;:&quot;click&quot;,&quot;category&quot;:&quot;intextLink&quot;,&quot;label&quot;:&quot;\/themen\/washington\/&quot;}\" href=\"https:\/\/www.t-online.de\/themen\/washington\/\" data-sctrack=\"BodyAnchor\" rel=\"nofollow noopener\" target=\"_blank\">Washington<\/a> bekannt gab. Bankvolkswirte hatten diese Entscheidung im Schnitt erwartet. Bereits auf ihren beiden vorherigen Sitzungen Ende Januar und Mitte M\u00e4rz hatte die Notenbank die Leitzinsen nicht angetastet.<\/p>\n<p class=\"text-18 leading-17 user-text-lg:text-22 user-text-xl:text-24\">Im vergangenen Jahr hatte die Fed die Leitzinsen dreimal um jeweils 0,25 Prozentpunkte reduziert. Das aktuelle Umfeld ist angesichts des Iran-Kriegs und deutlich gestiegener Roh\u00f6lpreise durch gro\u00dfe Unsicherheit gepr\u00e4gt.<\/p>\n<p class=\"text-18 leading-17 user-text-lg:text-22 user-text-xl:text-24\">Die Notenbank steht weiter unter gro\u00dfem Druck durch US-Pr\u00e4sident <a class=\"transition-colors duration-200 cursor-pointer text-inherit no-underline text-salemsfur md:hover:text-magenta md:hover:border-magenta md:focus:text-magenta border-current border-b border-solid break-words\" data-tracking=\"{&quot;action&quot;:&quot;click&quot;,&quot;category&quot;:&quot;intextLink&quot;,&quot;label&quot;:&quot;\/themen\/donald-trump\/&quot;}\" href=\"https:\/\/www.t-online.de\/themen\/donald-trump\/\" data-sctrack=\"BodyAnchor\" rel=\"nofollow noopener\" target=\"_blank\">Donald Trump<\/a>, der immer wieder Leitzinssenkungen fordert und Notenbankchef <a class=\"transition-colors duration-200 cursor-pointer text-inherit no-underline text-salemsfur md:hover:text-magenta md:hover:border-magenta md:focus:text-magenta border-current border-b border-solid break-words\" data-tracking=\"{&quot;action&quot;:&quot;click&quot;,&quot;category&quot;:&quot;intextLink&quot;,&quot;label&quot;:&quot;\/themen\/jerome-powell\/&quot;}\" href=\"https:\/\/www.t-online.de\/themen\/jerome-powell\/\" data-sctrack=\"BodyAnchor\" rel=\"nofollow noopener\" target=\"_blank\">Jerome Powell<\/a> scharf kritisiert. Dessen Amtszeit als Vorsitzender endet am 15. Mai. Es ist aber fraglich, ob sein designierter Nachfolger Kevin Warsh bis dahin vom Senat best\u00e4tigt ist.<\/p>\n","protected":false},"excerpt":{"rendered":"Gegen Trumps Willen US-Notenbank l\u00e4sst Leitzins unver\u00e4ndert 29.04.2026 &#8211; 20:06 UhrLesedauer: 1 Min. Donald Trump (l.) mit Fed-Chef&hellip;\n","protected":false},"author":2,"featured_media":982540,"comment_status":"","ping_status":"","sticky":false,"template":"","format":"standard","meta":{"footnotes":"","_share_on_mastodon":"0"},"categories":[134],"tags":[326,175,170,169,29,106,25055,30,19654,212840,5026,171,174,173,172,320],"class_list":["post-982539","post","type-post","status-publish","format-standard","has-post-thumbnail","category-unternehmen-maerkte","tag-326","tag-business","tag-companies","tag-companies-markets","tag-deutschland","tag-donald-trump","tag-federal-reserve-bank","tag-germany","tag-jerome-powell","tag-jerome-powells","tag-leitzins","tag-markets","tag-maerkte","tag-unternehmen","tag-unternehmen-maerkte","tag-washington"],"share_on_mastodon":{"url":"https:\/\/pubeurope.com\/@de\/116489561803928473","error":""},"_links":{"self":[{"href":"https:\/\/www.europesays.com\/de\/wp-json\/wp\/v2\/posts\/982539","targetHints":{"allow":["GET"]}}],"collection":[{"href":"https:\/\/www.europesays.com\/de\/wp-json\/wp\/v2\/posts"}],"about":[{"href":"https:\/\/www.europesays.com\/de\/wp-json\/wp\/v2\/types\/post"}],"author":[{"embeddable":true,"href":"https:\/\/www.europesays.com\/de\/wp-json\/wp\/v2\/users\/2"}],"replies":[{"embeddable":true,"href":"https:\/\/www.europesays.com\/de\/wp-json\/wp\/v2\/comments?post=982539"}],"version-history":[{"count":0,"href":"https:\/\/www.europesays.com\/de\/wp-json\/wp\/v2\/posts\/982539\/revisions"}],"wp:featuredmedia":[{"embeddable":true,"href":"https:\/\/www.europesays.com\/de\/wp-json\/wp\/v2\/media\/982540"}],"wp:attachment":[{"href":"https:\/\/www.europesays.com\/de\/wp-json\/wp\/v2\/media?parent=982539"}],"wp:term":[{"taxonomy":"category","embeddable":true,"href":"https:\/\/www.europesays.com\/de\/wp-json\/wp\/v2\/categories?post=982539"},{"taxonomy":"post_tag","embeddable":true,"href":"https:\/\/www.europesays.com\/de\/wp-json\/wp\/v2\/tags?post=982539"}],"curies":[{"name":"wp","href":"https:\/\/api.w.org\/{rel}","templated":true}]}}