{"id":982566,"date":"2026-04-29T19:20:19","date_gmt":"2026-04-29T19:20:19","guid":{"rendered":"https:\/\/www.europesays.com\/de\/982566\/"},"modified":"2026-04-29T19:20:19","modified_gmt":"2026-04-29T19:20:19","slug":"vbk-bieten-shuttleservice-fuer-ksc-gegen-darmstadt-an","status":"publish","type":"post","link":"https:\/\/www.europesays.com\/de\/982566\/","title":{"rendered":"VBK bieten Shuttleservice f\u00fcr KSC gegen Darmstadt an"},"content":{"rendered":"<p class=\"mb-6 text-xs md:text-m lg:text-l font-serif group-[.font-sans]:font-sans \">\n    Am 32. Spieltag der 2. Bundesliga empf\u00e4ngt der <a href=\"https:\/\/www.ka-news.de\/region\/karlsruhe\/ksc-geschichte-trainer-und-co-im-ueberblick-art-2806184\" target=\"_self\" class=\"underline \" rel=\"nofollow noopener\">Karlsruher SC<\/a> am Sonntag, 3. Mai, den SV Darmstadt 98 im BBBank <a href=\"https:\/\/www.ka-news.de\/region\/karlsruhe\/wildparkstadion-karlsruhe-die-traditionelle-spielstaette-des-ksc-im-wandel-art-2819646\" target=\"_self\" class=\"underline \" rel=\"nofollow noopener\">Wildpark<\/a>. Ansto\u00df ist um 13.30 Uhr. Die Verkehrsbetriebe <a href=\"https:\/\/www.ka-news.de\/karlsruhe\" target=\"_self\" class=\"underline \" rel=\"nofollow noopener\">Karlsruhe<\/a> (<a href=\"https:\/\/www.ka-news.de\/region\/karlsruhe\/kvv-avg-vbk-so-ist-der-karlsruher-nahverkehr-organisiert-art-2262185\" target=\"_self\" class=\"underline \" rel=\"nofollow noopener\">VBK<\/a>) bieten f\u00fcr die KSC-Fans ab 11.30 Uhr einen Shuttle-Service zwischen Durlacher Tor und Stadion an.\n  <\/p>\n<p class=\"mb-6 text-xs md:text-m lg:text-l font-serif group-[.font-sans]:font-sans \">\n    Informationen zur Anreise der Lilien-Fans gibt es auf der KSC-Homepage. Zudem werden G\u00e4stefans gebeten, die vom eigenen Verein ver\u00f6ffentlichten Fan-Informationen f\u00fcr ihr Ausw\u00e4rtsspiel in Karlsruhe zu ber\u00fccksichtigen.\n  <\/p>\n<p>            Shuttle-Busse zwischen Durlacher Tor und Stadion<\/p>\n<p class=\"mb-6 text-xs md:text-m lg:text-l font-serif group-[.font-sans]:font-sans \">\n    Die Shuttle-Busse der VBK nehmen zwei Stunden vor Spielbeginn ihren Betrieb auf und pendeln bis zum Anpfiff zwischen dem Durlacher Tor (von der Haltestelle am Adenauerring n\u00f6rdlich der Tram-Haltestellen auf H\u00f6he der ehemaligen Kinderklinik) und dem BBBank Wildpark.\n  <\/p>\n<p class=\"mb-6 text-xs md:text-m lg:text-l font-serif group-[.font-sans]:font-sans \">\n    Als Service f\u00fcr mobilit\u00e4tseingeschr\u00e4nkte Stadionbesucher*innen verkehren die Shuttle-Busse auch nach Spielende vom Stadion zur\u00fcck zum Durlacher Tor. Die Busse fahren rund eine halbe Stunde nach Abpfiff von der Kreuzung Adenauerring\/Theodor-Heuss-Allee zum Durlacher Tor.\n  <\/p>\n<p class=\"mb-6 text-xs md:text-m lg:text-l font-serif group-[.font-sans]:font-sans \">\n    Im Preis der KSC-Eintrittskarte ist die An- und Abreise mit dem Karlsruher Verkehrsverbund (KVV) bereits enthalten.\n  <\/p>\n","protected":false},"excerpt":{"rendered":"Am 32. Spieltag der 2. Bundesliga empf\u00e4ngt der Karlsruher SC am Sonntag, 3. Mai, den SV Darmstadt 98&hellip;\n","protected":false},"author":2,"featured_media":876770,"comment_status":"","ping_status":"","sticky":false,"template":"","format":"standard","meta":{"footnotes":"","_share_on_mastodon":"0"},"categories":[1844],"tags":[1634,16785,3364,29,30,8903,3850,212842,8305,83797,35652],"class_list":["post-982566","post","type-post","status-publish","format-standard","has-post-thumbnail","category-karlsruhe","tag-baden-wuerttemberg","tag-darmstadt","tag-de","tag-deutschland","tag-germany","tag-karlsruhe","tag-karlsruher-sc","tag-shuttleservice","tag-sv-darmstadt-98","tag-vbk","tag-wildpark"],"share_on_mastodon":{"url":"https:\/\/pubeurope.com\/@de\/116489619279514810","error":""},"_links":{"self":[{"href":"https:\/\/www.europesays.com\/de\/wp-json\/wp\/v2\/posts\/982566","targetHints":{"allow":["GET"]}}],"collection":[{"href":"https:\/\/www.europesays.com\/de\/wp-json\/wp\/v2\/posts"}],"about":[{"href":"https:\/\/www.europesays.com\/de\/wp-json\/wp\/v2\/types\/post"}],"author":[{"embeddable":true,"href":"https:\/\/www.europesays.com\/de\/wp-json\/wp\/v2\/users\/2"}],"replies":[{"embeddable":true,"href":"https:\/\/www.europesays.com\/de\/wp-json\/wp\/v2\/comments?post=982566"}],"version-history":[{"count":0,"href":"https:\/\/www.europesays.com\/de\/wp-json\/wp\/v2\/posts\/982566\/revisions"}],"wp:featuredmedia":[{"embeddable":true,"href":"https:\/\/www.europesays.com\/de\/wp-json\/wp\/v2\/media\/876770"}],"wp:attachment":[{"href":"https:\/\/www.europesays.com\/de\/wp-json\/wp\/v2\/media?parent=982566"}],"wp:term":[{"taxonomy":"category","embeddable":true,"href":"https:\/\/www.europesays.com\/de\/wp-json\/wp\/v2\/categories?post=982566"},{"taxonomy":"post_tag","embeddable":true,"href":"https:\/\/www.europesays.com\/de\/wp-json\/wp\/v2\/tags?post=982566"}],"curies":[{"name":"wp","href":"https:\/\/api.w.org\/{rel}","templated":true}]}}