{"id":982569,"date":"2026-04-29T19:22:16","date_gmt":"2026-04-29T19:22:16","guid":{"rendered":"https:\/\/www.europesays.com\/de\/982569\/"},"modified":"2026-04-29T19:22:16","modified_gmt":"2026-04-29T19:22:16","slug":"detta-walker-aus-muenster-veroeffentlichen-debuet-ep","status":"publish","type":"post","link":"https:\/\/www.europesays.com\/de\/982569\/","title":{"rendered":"DETTA WALKER aus M\u00fcnster ver\u00f6ffentlichen Deb\u00fct-EP"},"content":{"rendered":"<p>DETTA WALKER aus M\u00fcnster \u2013 mit Mitgliedern von IDLE CLASS, NOTIONS, LEAVES und LASERSHARK \u2013 haben Ende M\u00e4rz ihre Deb\u00fct-EP auf My Ruin Records ver\u00f6ffentlicht.<\/p>\n<\/p>\n<p>Die 10&#8243; umfasst sechs Songs, produziert in der Tonmeisterei, und bewegt sich musikalisch zwischen Punk, Emo und Hardcore \u2013 melodisch, aber gerne auf Tempo.<\/p>\n<p>Thematisch geht es um Politik, Fake News und Pers\u00f6nliches. Das Solo auf &#8222;Fake Blues&#8220; stammt \u00fcbrigens nicht von der Band selbst, sondern vom Produzenten \u2013 spontan entstanden bei ein paar Bier im Studio.\u00a0Vor rund zwei Jahren gegr\u00fcndet, hat die Band bereits erste Shows gespielt.<\/p>\n<p><a href=\"https:\/\/wearedettawalker.bandcamp.com\/album\/detta-walker\" rel=\"nofollow noopener\" target=\"_blank\">Detta Walker von Detta Walker<\/a><\/p>\n","protected":false},"excerpt":{"rendered":"DETTA WALKER aus M\u00fcnster \u2013 mit Mitgliedern von IDLE CLASS, NOTIONS, LEAVES und LASERSHARK \u2013 haben Ende M\u00e4rz&hellip;\n","protected":false},"author":2,"featured_media":982570,"comment_status":"","ping_status":"","sticky":false,"template":"","format":"standard","meta":{"footnotes":"","_share_on_mastodon":"0"},"categories":[1843],"tags":[3364,212844,29,30,212845,212848,212847,8970,1209,212846],"class_list":["post-982569","post","type-post","status-publish","format-standard","has-post-thumbnail","category-muenster","tag-de","tag-dettawalker","tag-deutschland","tag-germany","tag-idleclass","tag-lasershark","tag-leaves","tag-muenster","tag-nordrhein-westfalen","tag-notions"],"share_on_mastodon":{"url":"https:\/\/pubeurope.com\/@de\/116489627036077333","error":""},"_links":{"self":[{"href":"https:\/\/www.europesays.com\/de\/wp-json\/wp\/v2\/posts\/982569","targetHints":{"allow":["GET"]}}],"collection":[{"href":"https:\/\/www.europesays.com\/de\/wp-json\/wp\/v2\/posts"}],"about":[{"href":"https:\/\/www.europesays.com\/de\/wp-json\/wp\/v2\/types\/post"}],"author":[{"embeddable":true,"href":"https:\/\/www.europesays.com\/de\/wp-json\/wp\/v2\/users\/2"}],"replies":[{"embeddable":true,"href":"https:\/\/www.europesays.com\/de\/wp-json\/wp\/v2\/comments?post=982569"}],"version-history":[{"count":0,"href":"https:\/\/www.europesays.com\/de\/wp-json\/wp\/v2\/posts\/982569\/revisions"}],"wp:featuredmedia":[{"embeddable":true,"href":"https:\/\/www.europesays.com\/de\/wp-json\/wp\/v2\/media\/982570"}],"wp:attachment":[{"href":"https:\/\/www.europesays.com\/de\/wp-json\/wp\/v2\/media?parent=982569"}],"wp:term":[{"taxonomy":"category","embeddable":true,"href":"https:\/\/www.europesays.com\/de\/wp-json\/wp\/v2\/categories?post=982569"},{"taxonomy":"post_tag","embeddable":true,"href":"https:\/\/www.europesays.com\/de\/wp-json\/wp\/v2\/tags?post=982569"}],"curies":[{"name":"wp","href":"https:\/\/api.w.org\/{rel}","templated":true}]}}