{"id":982596,"date":"2026-04-29T19:37:15","date_gmt":"2026-04-29T19:37:15","guid":{"rendered":"https:\/\/www.europesays.com\/de\/982596\/"},"modified":"2026-04-29T19:37:15","modified_gmt":"2026-04-29T19:37:15","slug":"berlintrend-cdu-verliert-gruene-linke-und-afd-gleichauf","status":"publish","type":"post","link":"https:\/\/www.europesays.com\/de\/982596\/","title":{"rendered":"BerlinTrend: CDU verliert &#8211; Gr\u00fcne, Linke und AfD gleichauf"},"content":{"rendered":"<p>Hinter der CDU folgen gleichauf drei Parteien mit 18 Prozent: Gr\u00fcne, Linke und AfD. Am st\u00e4rksten holen dabei aktuell die Gr\u00fcnen auf, sie gewinnen zwei Prozentpunkte. Die AfD gewinnt erneut einen Prozentpunkt dazu. Die Linke bleibt im Vergleich zur Umfrage im Januar unver\u00e4ndert. Die SPD liegt ebenfalls unver\u00e4ndert bei 14 Prozent.<\/p>\n<p>Nicht ins Parlament einziehen w\u00fcrden das BSW und die FDP mit jeweils drei Prozent, wobei die Liberalen im Gegensatz zum Januar wieder ausgewiesen werden. Damals waren sie mit weniger als drei Prozent nur Teil der Anderen.<\/p>\n","protected":false},"excerpt":{"rendered":"Hinter der CDU folgen gleichauf drei Parteien mit 18 Prozent: Gr\u00fcne, Linke und AfD. Am st\u00e4rksten holen dabei&hellip;\n","protected":false},"author":2,"featured_media":982597,"comment_status":"","ping_status":"","sticky":false,"template":"","format":"standard","meta":{"footnotes":"","_share_on_mastodon":"0"},"categories":[5],"tags":[331,332,296,3364,29,30,13,14,15,141515,164239,134296,12],"class_list":["post-982596","post","type-post","status-publish","format-standard","has-post-thumbnail","category-nachrichten","tag-aktuelle-nachrichten","tag-aktuelle-news","tag-berlin","tag-de","tag-deutschland","tag-germany","tag-headlines","tag-nachrichten","tag-news","tag-rbb24berlin-trend","tag-rbb24berlin-wahl","tag-rbb24tagesschau","tag-schlagzeilen"],"share_on_mastodon":{"url":"https:\/\/pubeurope.com\/@de\/116489686087272003","error":""},"_links":{"self":[{"href":"https:\/\/www.europesays.com\/de\/wp-json\/wp\/v2\/posts\/982596","targetHints":{"allow":["GET"]}}],"collection":[{"href":"https:\/\/www.europesays.com\/de\/wp-json\/wp\/v2\/posts"}],"about":[{"href":"https:\/\/www.europesays.com\/de\/wp-json\/wp\/v2\/types\/post"}],"author":[{"embeddable":true,"href":"https:\/\/www.europesays.com\/de\/wp-json\/wp\/v2\/users\/2"}],"replies":[{"embeddable":true,"href":"https:\/\/www.europesays.com\/de\/wp-json\/wp\/v2\/comments?post=982596"}],"version-history":[{"count":0,"href":"https:\/\/www.europesays.com\/de\/wp-json\/wp\/v2\/posts\/982596\/revisions"}],"wp:featuredmedia":[{"embeddable":true,"href":"https:\/\/www.europesays.com\/de\/wp-json\/wp\/v2\/media\/982597"}],"wp:attachment":[{"href":"https:\/\/www.europesays.com\/de\/wp-json\/wp\/v2\/media?parent=982596"}],"wp:term":[{"taxonomy":"category","embeddable":true,"href":"https:\/\/www.europesays.com\/de\/wp-json\/wp\/v2\/categories?post=982596"},{"taxonomy":"post_tag","embeddable":true,"href":"https:\/\/www.europesays.com\/de\/wp-json\/wp\/v2\/tags?post=982596"}],"curies":[{"name":"wp","href":"https:\/\/api.w.org\/{rel}","templated":true}]}}