{"id":982639,"date":"2026-04-29T20:01:18","date_gmt":"2026-04-29T20:01:18","guid":{"rendered":"https:\/\/www.europesays.com\/de\/982639\/"},"modified":"2026-04-29T20:01:18","modified_gmt":"2026-04-29T20:01:18","slug":"flusspferde-projekt-der-wilhelma-zootier-projekt-endlich-ermoeglichen","status":"publish","type":"post","link":"https:\/\/www.europesays.com\/de\/982639\/","title":{"rendered":"Flusspferde-Projekt der Wilhelma: Zootier-Projekt endlich erm\u00f6glichen"},"content":{"rendered":"<p>\t\t\t\t\t\t\t\t\t\t\t\t\t\t\t\t\t\t\t\t\t\t\t\t\t\t\t\t      \t\t            \t\t             \t\t\t\t   \t\t\t\t\t   <img decoding=\"async\" id=\"article-image\" fetchpriority=\"high\" alt=\"Flusspferde-Projekt der Wilhelma: Zootier-Projekt endlich erm\u00f6glichen\" title=\"Flusspferde-Projekt der Wilhelma: Zootier-Projekt endlich erm\u00f6glichen\" src=\"https:\/\/www.europesays.com\/de\/wp-content\/uploads\/2026\/04\/media.media.02810843-a91d-4541-8265-e155cdcdcfe5.16x9_700.jpg\" data-linkto=\"https:\/\/www.stuttgarter-nachrichten.de\/javascript:void(0);\"\/>\t\t\t\t\t\t\t\t\t\t\t\t\t\t\t\t\t\t\t\t\t\t\t\tDas Projekt mit den Zwergflusspferden am Neckar verz\u00f6gert sich immer weiter. Die Stadt hat Probleme und Bedenken.\u00a0Foto: dpa\t\t\t<\/p>\n<p>Unsere Kommentatorin fordert von der Stadt, endlich auf die W\u00fcnsche der B\u00fcrger zu h\u00f6ren und das Zwergflusspferde-Projekt zu realisieren \u2013 ohne Plattformen im Wasser.<\/p>\n<p><a href=\"https:\/\/www.stuttgarter-nachrichten.de\/thema\/Stuttgart\" title=\"Stuttgart\" class=\"art_thema\" rel=\"nofollow noopener\" target=\"_blank\">Stuttgart<\/a>, die Stadt am Fluss. Das k\u00f6nnte so sch\u00f6n sein. Schiffe legen an und ab und bringen Besucher aus aller Welt durch die schw\u00e4bische \u201eToskana\u201c. Von und zur <a href=\"https:\/\/www.stuttgarter-nachrichten.de\/thema\/Wilhelma\" title=\"Wilhelma\" class=\"art_thema\" rel=\"nofollow noopener\" target=\"_blank\">Wilhelma<\/a> und zu anderen Attraktionen. <a href=\"https:\/\/www.stuttgarter-nachrichten.de\/inhalt.projekt-der-wilhelma-freunde-riesige-chance-cannstatter-wollen-die-zwergflusspferd-anlage-am-neckar.df04a17e-7295-48ca-b483-f4549821efae.html\" target=\"_blank\" rel=\"nofollow noopener\">Die Wilhelma h\u00e4tten ein weiteres kleines Aush\u00e4ngeschild mehr mit den Zwergflusspferden<\/a> am Neckarufer. Menschen werden darauf aufmerksam und k\u00f6nnen die Tiere erleben. Doch nichts ist erst einmal in Sicht.<\/p>\n<p>Der Grund: viel zu \u00fcberdimensionierte Pl\u00e4ne der Stadt \u00fcber Jahre, die gar nicht machbar sind. Bei der Haushaltslage jetzt eh nicht. Warum die schwimmenden Plattformen? Die braucht es gar nicht. Und warum soll es Konflikte mit den Besuchern geben? Es gibt mittlerweile wieder genug Freifl\u00e4chen am Neckarufer und so gro\u00df ist die geplante Zwergflusspferdanlage nicht. Die Stadt schiebt Argumente vor und dr\u00fcckt sich vor einer Entscheidung. Das Rathaus ist seit Jahren ein Ort der bequemen Bedenkentr\u00e4ger.<\/p>\n<p>Flusspferd-Projekt nicht zur IBA\u201927 angemeldet <\/p>\n<p>Sehr bedauerlich ist,<a href=\"https:\/\/www.stuttgarter-nachrichten.de\/inhalt.flusspferde-projekt-der-wilhelma-ein-elfmeter-fuer-die-iba-27.c710b0d6-a8c1-4338-abc3-146e7dabc140.html\" target=\"_blank\" rel=\"nofollow noopener\"> dass das Flusspferd-Projekt nicht zur IBA angemeldet werden konnte<\/a>. Es w\u00e4re in der Tat ein Vorzeigeprojekt, welches der Stadt guttun w\u00fcrde. Alle sind sich \u00fcbrigens einig. Der Technische Ausschuss im Gemeinderat sowie der Cannstatter Bezirksbeirat \u00fcber alle Parteien hinweg und die Anrainer. Nur die Stadtverwaltung wei\u00df nicht oder will nicht, dass dieses Projekt z\u00fcgig m\u00f6glich wird. Schade. Dabei zeigt der Imagefilm mit Oberb\u00fcrgermeister Frank Nopper ein sch\u00f6nes Bild am Neckarknie. Mit Flusspferden. <\/p>\n<p>\u00dcbrigens Flusspferde brauchen keine schwimmenden Plattformen. Die schwimmen auch ohne. Was spricht also noch dagegen, die Pl\u00e4ne Wirklichkeit werden zu lassen? Vielleicht sollte die Verwaltung mal endlich aufwachen und auf die B\u00fcrger h\u00f6ren und ihre W\u00fcnsche. Auch die des zweitgr\u00f6\u00dften Vereins in Stuttgart, den Wilhelma-F\u00f6rdervereins mit rund 37000 Mitgliedern beispielsweise, der das Geld daf\u00fcr gibt und der Stadt ein besonderes Erlebnis bescheren will.<\/p>\n","protected":false},"excerpt":{"rendered":"Das Projekt mit den Zwergflusspferden am Neckar verz\u00f6gert sich immer weiter. Die Stadt hat Probleme und Bedenken.\u00a0Foto: dpa&hellip;\n","protected":false},"author":2,"featured_media":982640,"comment_status":"","ping_status":"","sticky":false,"template":"","format":"standard","meta":{"footnotes":"","_share_on_mastodon":"0"},"categories":[1830],"tags":[1634,3364,29,30,4693,212856,1441,5251,85897,12378,212857],"class_list":["post-982639","post","type-post","status-publish","format-standard","has-post-thumbnail","category-stuttgart","tag-baden-wuerttemberg","tag-de","tag-deutschland","tag-germany","tag-kommentar","tag-neckarknie","tag-stuttgart","tag-stuttgart-bad-cannstatt","tag-textmanager","tag-wilhelma","tag-zwergflusspferde"],"share_on_mastodon":{"url":"https:\/\/pubeurope.com\/@de\/116489780769124472","error":""},"_links":{"self":[{"href":"https:\/\/www.europesays.com\/de\/wp-json\/wp\/v2\/posts\/982639","targetHints":{"allow":["GET"]}}],"collection":[{"href":"https:\/\/www.europesays.com\/de\/wp-json\/wp\/v2\/posts"}],"about":[{"href":"https:\/\/www.europesays.com\/de\/wp-json\/wp\/v2\/types\/post"}],"author":[{"embeddable":true,"href":"https:\/\/www.europesays.com\/de\/wp-json\/wp\/v2\/users\/2"}],"replies":[{"embeddable":true,"href":"https:\/\/www.europesays.com\/de\/wp-json\/wp\/v2\/comments?post=982639"}],"version-history":[{"count":0,"href":"https:\/\/www.europesays.com\/de\/wp-json\/wp\/v2\/posts\/982639\/revisions"}],"wp:featuredmedia":[{"embeddable":true,"href":"https:\/\/www.europesays.com\/de\/wp-json\/wp\/v2\/media\/982640"}],"wp:attachment":[{"href":"https:\/\/www.europesays.com\/de\/wp-json\/wp\/v2\/media?parent=982639"}],"wp:term":[{"taxonomy":"category","embeddable":true,"href":"https:\/\/www.europesays.com\/de\/wp-json\/wp\/v2\/categories?post=982639"},{"taxonomy":"post_tag","embeddable":true,"href":"https:\/\/www.europesays.com\/de\/wp-json\/wp\/v2\/tags?post=982639"}],"curies":[{"name":"wp","href":"https:\/\/api.w.org\/{rel}","templated":true}]}}