{"id":982708,"date":"2026-04-29T20:38:18","date_gmt":"2026-04-29T20:38:18","guid":{"rendered":"https:\/\/www.europesays.com\/de\/982708\/"},"modified":"2026-04-29T20:38:18","modified_gmt":"2026-04-29T20:38:18","slug":"das-augsburger-rathaus-ist-eigentlich-gesperrt-doch-fuer-stadtraete-und-ob-gibt-es-jetzt-eine-ausnahme","status":"publish","type":"post","link":"https:\/\/www.europesays.com\/de\/982708\/","title":{"rendered":"Das Augsburger Rathaus ist eigentlich gesperrt \u2013 doch f\u00fcr Stadtr\u00e4te und OB gibt es jetzt eine Ausnahme"},"content":{"rendered":"<p class=\"mb-6 text-xs md:text-m lg:text-l font-serif group-[.font-sans]:font-sans \">\n    Wenn die scheidenden Stadtr\u00e4te und Oberb\u00fcrgermeisterin <a href=\"https:\/\/www.augsburger-allgemeine.de\/personen\/aa-eva-weber\" target=\"_self\" class=\"underline \" rel=\"nofollow noopener\">Eva Weber<\/a> (<a href=\"https:\/\/www.augsburger-allgemeine.de\/organisationen\/aa-csu\" target=\"_self\" class=\"underline \" rel=\"nofollow noopener\">CSU<\/a>) am Donnerstagabend bei einem Festakt aus dem Amt verabschiedet werden, dann wird das Augsburger Rathaus das erste Mal seit dem Sanierungsstart vor fast zwei Jahren f\u00fcr eine Veranstaltung, wenn auch nur f\u00fcr geladenes Publikum, offen stehen. <a href=\"https:\/\/www.augsburger-allgemeine.de\/augsburg\/noch-ist-der-goldene-saal-gesperrt-doch-es-laeuft-der-endspurt-bei-der-sanierung-des-rathauses-in-augsburg-113768301\" target=\"_self\" class=\"underline \" rel=\"nofollow noopener\">Denn seit dem Sommer 2024 ist das Rathaus &#8211; abgesehen vom Ratskeller und einem kleinen Besucherraum im Erdgeschoss &#8211; f\u00fcr B\u00fcrger, Touristen und auch Politiker gesperrt<\/a>.\n  <\/p>\n<p class=\"mb-6 text-xs md:text-m lg:text-l font-serif group-[.font-sans]:font-sans \">\n    Auch die erste Sitzung des Stadtrats am 4. Mai wird, dann als \u00f6ffentliche Sitzung, im Goldenen Saal stattfinden. Im Unteren Fletz wird ein Live-Stream angeboten, im Goldenen Saal gibt es begrenzte Kapazit\u00e4ten. Wer Augsburgs prunkvollsten Saal in Ruhe besichtigen will, muss sich noch etwas gedulden, und auch der Stadtrat wird nach dem kurzen Zwischenspiel f\u00fcr die kommenden Monate wieder in seinen Interims-Tagungsort bei der st\u00e4dtischen Wohnbaugruppe an der Bgm.-Ackermann-Stra\u00dfe zur\u00fcckkehren.\n  <\/p>\n<p>            Im September soll das ganze Rathaus wieder ge\u00f6ffnet sein<\/p>\n<p class=\"mb-6 text-xs md:text-m lg:text-l font-serif group-[.font-sans]:font-sans \">\n    Wie die Stadt auf Anfrage erkl\u00e4rt, werden die noch laufenden Installationsarbeiten im Rathaus f\u00fcr die beiden Veranstaltungen unterbrochen und im Anschluss sofort wieder aufgenommen. \u201eDiese Arbeiten wie auch die Technikeinstellungen und Abnahmen werden sich noch bis in den Sommer hinziehen\u201c, so das st\u00e4dtische Hauptamt. Einzelne Veranstaltungen wie die \u201eLange Nacht der Wissenschaft\u201c am 4. Juli k\u00f6nnten aber wom\u00f6glich wieder stattfinden. Ein Vollbetrieb ist f\u00fcr September angepeilt, wom\u00f6glich k\u00f6nne man einzelne Bereiche wie den Goldenen Saal schon etwas fr\u00fcher zur Verf\u00fcgung stellen. Das h\u00e4nge aber vom Fortgang der Arbeiten ab.\n  <\/p>\n<p class=\"mb-6 text-xs md:text-m lg:text-l font-serif group-[.font-sans]:font-sans \">\n    Unter anderem fand eine Asbestsanierung statt. Zudem wird der Sitzungssaal des Stadtrats neu gestaltet.\n  <\/p>\n","protected":false},"excerpt":{"rendered":"Wenn die scheidenden Stadtr\u00e4te und Oberb\u00fcrgermeisterin Eva Weber (CSU) am Donnerstagabend bei einem Festakt aus dem Amt verabschiedet&hellip;\n","protected":false},"author":2,"featured_media":589399,"comment_status":"","ping_status":"","sticky":false,"template":"","format":"standard","meta":{"footnotes":"","_share_on_mastodon":"0"},"categories":[1846],"tags":[680,2461,772,774,3364,29,548,663,3934,98650,30,13,212859,14,15,12,62421],"class_list":["post-982708","post","type-post","status-publish","format-standard","has-post-thumbnail","category-augsburg","tag-augsburg","tag-baustelle","tag-bayern","tag-csu","tag-de","tag-deutschland","tag-eu","tag-europa","tag-europe","tag-eva-weber","tag-germany","tag-headlines","tag-lange-nacht-der-wissenschaft","tag-nachrichten","tag-news","tag-schlagzeilen","tag-verabschiedung"],"share_on_mastodon":{"url":"https:\/\/pubeurope.com\/@de\/116489925851599608","error":""},"_links":{"self":[{"href":"https:\/\/www.europesays.com\/de\/wp-json\/wp\/v2\/posts\/982708","targetHints":{"allow":["GET"]}}],"collection":[{"href":"https:\/\/www.europesays.com\/de\/wp-json\/wp\/v2\/posts"}],"about":[{"href":"https:\/\/www.europesays.com\/de\/wp-json\/wp\/v2\/types\/post"}],"author":[{"embeddable":true,"href":"https:\/\/www.europesays.com\/de\/wp-json\/wp\/v2\/users\/2"}],"replies":[{"embeddable":true,"href":"https:\/\/www.europesays.com\/de\/wp-json\/wp\/v2\/comments?post=982708"}],"version-history":[{"count":0,"href":"https:\/\/www.europesays.com\/de\/wp-json\/wp\/v2\/posts\/982708\/revisions"}],"wp:featuredmedia":[{"embeddable":true,"href":"https:\/\/www.europesays.com\/de\/wp-json\/wp\/v2\/media\/589399"}],"wp:attachment":[{"href":"https:\/\/www.europesays.com\/de\/wp-json\/wp\/v2\/media?parent=982708"}],"wp:term":[{"taxonomy":"category","embeddable":true,"href":"https:\/\/www.europesays.com\/de\/wp-json\/wp\/v2\/categories?post=982708"},{"taxonomy":"post_tag","embeddable":true,"href":"https:\/\/www.europesays.com\/de\/wp-json\/wp\/v2\/tags?post=982708"}],"curies":[{"name":"wp","href":"https:\/\/api.w.org\/{rel}","templated":true}]}}