{"id":982715,"date":"2026-04-29T20:42:18","date_gmt":"2026-04-29T20:42:18","guid":{"rendered":"https:\/\/www.europesays.com\/de\/982715\/"},"modified":"2026-04-29T20:42:18","modified_gmt":"2026-04-29T20:42:18","slug":"jam-sessions-im-soziokulturellen-zentrum-b-side-funk","status":"publish","type":"post","link":"https:\/\/www.europesays.com\/de\/982715\/","title":{"rendered":"Jam-Sessions im soziokulturellen Zentrum | B-Side-Funk"},"content":{"rendered":"<p class=\"card__subtitle\"> Magazin \u00fcber das solidarische Projekt &#8222;B-Side&#8220; in M\u00fcnster &#8211; produziert beim medienforum m\u00fcnster e.V. <\/p>\n<p>In der neuen Ausgabe des B-Side Funk dreht sich am Montag alles um Jam-Sessions in M\u00fcnster und das gemeinsame <a href=\"https:\/\/www.nrwision.de\/mediathek\/themen\/musik\" rel=\"nofollow noopener\" target=\"_blank\">Musik<\/a> machen in der B-Side, dem soziokulturellen Zentrum am Mittelhafen 42. Vorgestellt werden drei von sechs regelm\u00e4\u00dfigen Formaten: die <a href=\"https:\/\/www.nrwision.de\/mediathek\/themen\/musik\" rel=\"nofollow noopener\" target=\"_blank\">Musik<\/a>-AK-Session, die OneGroove-Session und der Dienstagsjam. Die Sendung bietet O-T\u00f6ne, Interviews und Live-Eindr\u00fccke aus den Sessions und zeigt, wie offen, niedrigschwellig und gemeinschaftlich das <a href=\"https:\/\/www.nrwision.de\/mediathek\/themen\/musik\" rel=\"nofollow noopener\" target=\"_blank\">Musik<\/a> machen in der B-Side funktioniert. Beteiligte berichten \u00fcber die Entstehung der Jams, ihre Abl\u00e4ufe und die besondere Atmosph\u00e4re <a href=\"https:\/\/www.nrwision.de\/mediathek\/sendungen\/vor-ort\" rel=\"nofollow noopener\" target=\"_blank\">vor Ort<\/a>.<\/p>\n","protected":false},"excerpt":{"rendered":"Magazin \u00fcber das solidarische Projekt &#8222;B-Side&#8220; in M\u00fcnster &#8211; produziert beim medienforum m\u00fcnster e.V. In der neuen Ausgabe&hellip;\n","protected":false},"author":2,"featured_media":982716,"comment_status":"","ping_status":"","sticky":false,"template":"","format":"standard","meta":{"footnotes":"","_share_on_mastodon":"0"},"categories":[1843],"tags":[6329,3364,29,5393,30,25414,80,8970,810,1209],"class_list":["post-982715","post","type-post","status-publish","format-standard","has-post-thumbnail","category-muenster","tag-band","tag-de","tag-deutschland","tag-ehrenamt","tag-germany","tag-instrument","tag-kultur","tag-muenster","tag-musik","tag-nordrhein-westfalen"],"share_on_mastodon":{"url":"https:\/\/pubeurope.com\/@de\/116489941813999900","error":""},"_links":{"self":[{"href":"https:\/\/www.europesays.com\/de\/wp-json\/wp\/v2\/posts\/982715","targetHints":{"allow":["GET"]}}],"collection":[{"href":"https:\/\/www.europesays.com\/de\/wp-json\/wp\/v2\/posts"}],"about":[{"href":"https:\/\/www.europesays.com\/de\/wp-json\/wp\/v2\/types\/post"}],"author":[{"embeddable":true,"href":"https:\/\/www.europesays.com\/de\/wp-json\/wp\/v2\/users\/2"}],"replies":[{"embeddable":true,"href":"https:\/\/www.europesays.com\/de\/wp-json\/wp\/v2\/comments?post=982715"}],"version-history":[{"count":0,"href":"https:\/\/www.europesays.com\/de\/wp-json\/wp\/v2\/posts\/982715\/revisions"}],"wp:featuredmedia":[{"embeddable":true,"href":"https:\/\/www.europesays.com\/de\/wp-json\/wp\/v2\/media\/982716"}],"wp:attachment":[{"href":"https:\/\/www.europesays.com\/de\/wp-json\/wp\/v2\/media?parent=982715"}],"wp:term":[{"taxonomy":"category","embeddable":true,"href":"https:\/\/www.europesays.com\/de\/wp-json\/wp\/v2\/categories?post=982715"},{"taxonomy":"post_tag","embeddable":true,"href":"https:\/\/www.europesays.com\/de\/wp-json\/wp\/v2\/tags?post=982715"}],"curies":[{"name":"wp","href":"https:\/\/api.w.org\/{rel}","templated":true}]}}