{"id":982829,"date":"2026-04-29T21:45:21","date_gmt":"2026-04-29T21:45:21","guid":{"rendered":"https:\/\/www.europesays.com\/de\/982829\/"},"modified":"2026-04-29T21:45:21","modified_gmt":"2026-04-29T21:45:21","slug":"sc-freiburg-halbfinal-kracher-im-verruecktesten-stadion-europas-sport","status":"publish","type":"post","link":"https:\/\/www.europesays.com\/de\/982829\/","title":{"rendered":"SC Freiburg: Halbfinal-Kracher im verr\u00fccktesten Stadion Europas | Sport"},"content":{"rendered":"<p><a class=\"skip-content skip-content--link\" href=\"#in-content-skip-link-target-v-0-0\">TTS-Player \u00fcberspringen\u21b5<\/a><a id=\"in-content-skip-link-target-v-0-0\" class=\"skip-content--target-link-hidden skip-content skip-content--target-link\" href=\"#in-content-skip-link-target-v-0-0\">Artikel weiterlesen<\/a><\/p>\n<p>Braga \u2013 <b>Als w\u00e4re die Halbfinal-Teilnahme in der Europa League f\u00fcr Freiburg nicht schon unglaublich genug, d\u00fcrfen sie jetzt auch noch im wohl verr\u00fccktesten Stadion Europas antreten. Gegner Braga (Donnerstag, 21 Uhr, live bei RTL) spielt im Estadio Municipal. Das Stadion ist in eine brachiale Felswand, die hinter dem Tor hinausragt, eingebaut. Teile der Fans gelangen nur \u00fcber das Stadiondach in ihren Block. W\u00e4hrend hinter dem anderen Tor nur eine gr\u00fcne Landschaft wie auf einem Dorfsportplatz zu sehen ist, sind die beiden Seiten geschm\u00fcckt mit zwei gigantischen Trib\u00fcnen. Klar ist auf jeden Fall: F\u00fcr die Freiburg-Stars und auch die mitgereisten SC-Fans wird es ein zumindest architektonisch ein fantastisches Erlebnis. <\/b><\/p>\n<p><img decoding=\"async\" width=\"992\" height=\"558\" alt=\"Das Dach der gigantische Trib\u00fcnen wird von Draht-Seilen gehalten. \u00dcber das linke Dach erfolgt der Einlass in den Oberrang. Auf dieser Trib\u00fcne werden die Freiburg-Fans stehen\" src=\"https:\/\/www.europesays.com\/de\/wp-content\/uploads\/2026\/04\/47b4c3d873a075d7e3d3e0d4d0e0c740,1bc667cb.jpeg\"   class=\"landscape\" loading=\"lazy\"\/><\/p>\n<p class=\"fig__caption__text\">Das Dach der gigantische Trib\u00fcnen wird von Draht-Seilen gehalten. \u00dcber das linke Dach erfolgt der Einlass in den Oberrang. Auf dieser Trib\u00fcne werden die Freiburg-Fans stehen<\/p>\n<p>Foto: Bernd Wei\u00dfbrod\/dpa<\/p>\n<p>Auch aufgrund der Rahmenbedingungen freut sich Freiburg-Trainer Julian Schuster (41) vor dem Halbfinale riesig auf das Spiel, sagt: \u201eWenn man hierherf\u00e4hrt und das Stadion zum ersten Mal sieht, dann f\u00e4ngt es direkt an zu kribbeln. Wir wissen es sehr zu sch\u00e4tzen, dass wir hier dieses Spiel bestreiten d\u00fcrfen.\u201c Begleitet werden die Freiburger von 2000 G\u00e4stefans, in das Stadion passen rund 30.000 Zuschauer.<\/p>\n<p>Schuster schw\u00e4rmt von der einzigartigen Arena, sagt weiter: \u201eDieses Stadion macht genau diesen Charme aus. Ich mag es, wenn Stadien einen unterschiedlichen Charakter haben und unterschiedlich aussehen. Es ist schon so, dass die Stadien in Deutschland \u00fcber die letzten Jahren eine gewisse \u00c4hnlichkeit bekommen haben. Da geht dieser Charme leider ein St\u00fcck weit verloren. Grade dieses Stadion hier hat man bei der EM 2004 im Panini-Stickerheft wahrgenommen. Es ist dann schon cool, hier auch selbst so ein Spiel spielen zu d\u00fcrfen.\u201c<\/p>\n<p><img decoding=\"async\" width=\"992\" height=\"558\" alt=\"Hinter dem anderen Tor setzt Braga mehr auf Landschaft, als auf Zuschauer\" src=\"https:\/\/www.europesays.com\/de\/wp-content\/uploads\/2026\/04\/77ca44e3d1cf4b4e6341bd25e43ca07b,c8680fa.jpeg\"   class=\"landscape\" loading=\"lazy\"\/><\/p>\n<p class=\"fig__caption__text\">Hinter dem anderen Tor setzt Braga mehr auf Landschaft, als auf Zuschauer<\/p>\n<p>Foto: Niklas Freund<\/p>\n<p>DIESE Niederlage macht Freiburg Mut<\/p>\n<p>Sportlich will Freiburg sich eine gute Ausgangslage verschaffen. F\u00fcr Schuster ein gutes Omen: die 1:2-Niederlage nach Verl\u00e4ngerung im Halbfinale des DFB-Pokals beim VfB Stuttgart. Trotz der Pleite ein Mutmacher f\u00fcr Schuster vor dem Braga-Kracher. Schuster: \u201eDie Pokal-Niederlage in Stuttgart hat best\u00e4tigt, dass wir auf dem richtigen Weg sind. Es gab eigentlich keine Ruhephase, es war so viel Intensit\u00e4t drin, dass die Jungs so an ihre Kante gegangen sind. Das ist gleichzeitig wieder ein super Trainingseffekt.\u201c<\/p>\n<p><img decoding=\"async\" width=\"992\" height=\"558\" alt=\"Freiburg-Trainer Julian Schuster (41) und sein SC wollen in das Europa-League-Finale\" src=\"https:\/\/www.europesays.com\/de\/wp-content\/uploads\/2026\/04\/53f650316eb517bfe0f9e5df922556eb,1d567b8a.jpeg\"   class=\"landscape\" loading=\"lazy\"\/><\/p>\n<p class=\"fig__caption__text\">Freiburg-Trainer Julian Schuster (41) und sein SC wollen in das Europa-League-Finale<\/p>\n<p>Foto: picture alliance\/osnapix\/Marcus Hirnschal<\/p>\n<p>Euphorie in der Stadt ist riesig<\/p>\n<p>Auch in der Heimat ist die Vorfreude auf das Halbfinale zu sp\u00fcren. Und ganz Freiburg w\u00fcrde mit dem Einzug in das Finale der Europa League (20. Mai in Istanbul) den gr\u00f6\u00dften Erfolg der Vereinsgeschichte feiern. Schuster: \u201eEs sind solche Spiele, auf die du lange hinarbeitest, die bekommst du nicht jedes Jahr. Deshalb ist es ein sehr gro\u00dfes Highlight. Man merkt schon, wenn man durch die Stadt spaziert, dass sich mehrere Leute umdrehen und auf die Tage freuen. Genau das ist eben das Sch\u00f6ne, dass es so verbindet und die ganze Stadt mitzieht.\u201c<\/p>\n","protected":false},"excerpt":{"rendered":"TTS-Player \u00fcberspringen\u21b5Artikel weiterlesen Braga \u2013 Als w\u00e4re die Halbfinal-Teilnahme in der Europa League f\u00fcr Freiburg nicht schon unglaublich&hellip;\n","protected":false},"author":2,"featured_media":982830,"comment_status":"","ping_status":"","sticky":false,"template":"","format":"standard","meta":{"footnotes":"","_share_on_mastodon":"0"},"categories":[136],"tags":[299,29,538,5855,347,30,298,150484,265,469,212900],"class_list":["post-982829","post","type-post","status-publish","format-standard","has-post-thumbnail","category-sport","tag-bundesliga","tag-deutschland","tag-erste-bundesliga","tag-europa-league","tag-fussball","tag-germany","tag-sc-freiburg","tag-schuster-julian","tag-sport","tag-sport-leuchtturm-zentral","tag-sporting-braga"],"share_on_mastodon":{"url":"https:\/\/pubeurope.com\/@de\/116490189628820901","error":""},"_links":{"self":[{"href":"https:\/\/www.europesays.com\/de\/wp-json\/wp\/v2\/posts\/982829","targetHints":{"allow":["GET"]}}],"collection":[{"href":"https:\/\/www.europesays.com\/de\/wp-json\/wp\/v2\/posts"}],"about":[{"href":"https:\/\/www.europesays.com\/de\/wp-json\/wp\/v2\/types\/post"}],"author":[{"embeddable":true,"href":"https:\/\/www.europesays.com\/de\/wp-json\/wp\/v2\/users\/2"}],"replies":[{"embeddable":true,"href":"https:\/\/www.europesays.com\/de\/wp-json\/wp\/v2\/comments?post=982829"}],"version-history":[{"count":0,"href":"https:\/\/www.europesays.com\/de\/wp-json\/wp\/v2\/posts\/982829\/revisions"}],"wp:featuredmedia":[{"embeddable":true,"href":"https:\/\/www.europesays.com\/de\/wp-json\/wp\/v2\/media\/982830"}],"wp:attachment":[{"href":"https:\/\/www.europesays.com\/de\/wp-json\/wp\/v2\/media?parent=982829"}],"wp:term":[{"taxonomy":"category","embeddable":true,"href":"https:\/\/www.europesays.com\/de\/wp-json\/wp\/v2\/categories?post=982829"},{"taxonomy":"post_tag","embeddable":true,"href":"https:\/\/www.europesays.com\/de\/wp-json\/wp\/v2\/tags?post=982829"}],"curies":[{"name":"wp","href":"https:\/\/api.w.org\/{rel}","templated":true}]}}