{"id":982831,"date":"2026-04-29T21:46:49","date_gmt":"2026-04-29T21:46:49","guid":{"rendered":"https:\/\/www.europesays.com\/de\/982831\/"},"modified":"2026-04-29T21:46:49","modified_gmt":"2026-04-29T21:46:49","slug":"thomas-gottschalk-verschiebt-tv-comeback-unterhaltung","status":"publish","type":"post","link":"https:\/\/www.europesays.com\/de\/982831\/","title":{"rendered":"Thomas Gottschalk verschiebt TV-Comeback | Unterhaltung"},"content":{"rendered":"<p><a class=\"skip-content skip-content--link\" href=\"#in-content-skip-link-target-v-0-0\">TTS-Player \u00fcberspringen\u21b5<\/a><a id=\"in-content-skip-link-target-v-0-0\" class=\"skip-content--target-link-hidden skip-content skip-content--target-link\" href=\"#in-content-skip-link-target-v-0-0\">Artikel weiterlesen<\/a><\/p>\n<p>M\u00fcnchen (Bayern) \u2013 <b>Es h\u00e4tte sein B\u00fchnen-Comeback werden sollen! Rund vier Monate nach seinem TV-Abschied wollte \u201eWetten, dass\u00a0\u2026?\u201c-Legende Thomas Gottschalk (75) eine Preisverleihung in M\u00fcnchen moderieren. Doch wie der \u201eSpiegel\u201c am Mittwoch berichtete, verschiebt der Entertainer seine R\u00fcckkehr kurzfristig.<\/b><\/p>\n<p>Grund ist offenbar die <a href=\"https:\/\/www.bild.de\/themen\/specials\/krebs\/gesundheit-news-fotos-videos-17039560.bild.html\" class=\"text-link\" rel=\"nofollow noopener\" target=\"_blank\">Krebserkrankung<\/a> des Moderators, die er Ende letzten Jahres <a href=\"https:\/\/www.bild.de\/unterhaltung\/stars-und-leute\/thomas-gottschalk-75-ich-habe-krebs-692c2b8136b2b6845f1be0b1\" class=\"text-link\" rel=\"nofollow noopener\" target=\"_blank\">\u00f6ffentlich gemacht hatte<\/a>. Eigentlich plante Gottschalk, am 9. Mai durch die Preisverleihung \u201eGoldener Ochsensepp\u201c im Hotel Bayerischer Hof zu f\u00fchren. Bei der Veranstaltung zu Ehren des Widerstandsk\u00e4mpfers Josef M\u00fcller sollte \u00d6sterreichs ehemaliger Bundeskanzler <a href=\"https:\/\/www.bild.de\/politik\/inland\/sebastian-kurz-warnt-mutige-politik-haelt-afd-in-schach-696511db8750ae32f087aa6e\" class=\"text-link\" rel=\"nofollow noopener\" target=\"_blank\">Sebastian Kurz<\/a> (39) ausgezeichnet werden. <\/p>\n<p><img decoding=\"async\" width=\"992\" height=\"558\" alt=\"Thomas Gottschalk bei seinem TV-Abschied am 6. Dezember 2025 (RTL)\" src=\"https:\/\/www.europesays.com\/de\/wp-content\/uploads\/2026\/04\/89d2d9cf0819dce7ea1cdca423132c1f,e0f0ab36.jpeg\"   class=\"landscape\" loading=\"lazy\"\/><\/p>\n<p class=\"fig__caption__text\">Thomas Gottschalk bei seinem TV-Abschied am 6. Dezember 2025 (RTL) <\/p>\n<p>Foto: RTL<\/p>\n<p>Kein Gottschalk-Comeback vor dem Herbst<\/p>\n<p>Dem \u201eSpiegel\u201c schrieb Gottschalk auf Anfrage eine Mail mit den Worten: \u201eIch werde mich vor dem Herbst nicht \u00f6ffentlich auf die B\u00fchne stellen, weder f\u00fcr Kurz noch f\u00fcr jemanden anderen! Danach schauen wir mal, was die Gesundheit macht.\u201c Er litt an einem epitheloiden Angiosarkom, hatte b\u00f6sartige Tumoren im Bereich der Blase. In zwei stundenlangen OPs mussten ihm sowohl ein St\u00fcck seiner Blase als auch ein Teil seines Harnleiters entfernt werden. Er bekam 33 Bestrahlungen (BILD berichtete exklusiv). <\/p>\n<p><img decoding=\"async\" width=\"992\" height=\"558\" alt=\"Thomas Gottschalk machte Ende November seine Krebserkrankung \u00f6ffentlich\" src=\"https:\/\/www.europesays.com\/de\/wp-content\/uploads\/2026\/04\/871b0a59c3c78db37f90f31bb969c6f4,582797f7.jpeg\"   class=\"landscape\" loading=\"lazy\"\/><\/p>\n<p class=\"fig__caption__text\">Emotionaler TV-Abschied am 6. Dezember bei RTL: Thomas und Ehefrau Karina Gottschalk liefen durch einen goldenen Konfetti-Regen. Karina hat Gottschalks Leben gerettet, weil sie ihn zum Besuch beim Urologen dr\u00e4ngte<\/p>\n<p>Foto: RTL<\/p>\n<p>Der Teilnahme an der Preisverleihung hatte Gottschalk offenbar aus alter Verbundenheit zu deren k\u00fcnstlerischem Leiter zugestimmt. Holm Dressler (76) war beim ZDF besch\u00e4ftigt und betreute dort in den Achtzigern Gottschalks Shows \u201eNa sowas\u201c und \u201eWetten, dass..?\u201c. Auf Anfrage sagte Dressler dem \u201e<a href=\"https:\/\/www.spiegel.de\/kultur\/thomas-gottschalk-muss-sein-comeback-verschieben-a-b7fd0a9c-fbca-4cb6-911d-6c22d31878bc\" target=\"_blank\" rel=\"nofollow noopener\" class=\"text-link--external text-link\">Spiegel<\/a>\u201c: \u201eWir haben die Veranstaltung auf September verschoben und planen weiterhin mit Thomas, sofern seine Gesundheit es erlaubt.\u201c <\/p>\n<p>Mehr zum ThemaGottschalks Absage kam kurzfristig<\/p>\n<p>Auf der Homepage der Veranstaltung wurde das Event noch bis Mittwochvormittag mit Gottschalk als Moderator beworben. Der \u201e<a href=\"https:\/\/der-goldene-ochsensepp.de\/\" target=\"_blank\" rel=\"nofollow noopener\" class=\"text-link--external text-link\">Goldene Ochsensepp<\/a>\u201c wird in diesem Jahr zum ersten Mal verliehen und vom Verbund \u201eInternationaler Freundeskreis einer Christlich Sozialen Politik e.V. \u201c ausgelobt.<\/p>\n<p><img decoding=\"async\" width=\"992\" height=\"1314\" alt=\"Nach seinem R\u00fcckzug aus dem TV postete Restaurantleiter Bernhard Sagerer Anfang April ein Foto von Thomas Gottschalk und seiner Frau Karina auf Instagram. Links im Bild Sagerers Tochter Melinda (30)\" src=\"https:\/\/www.europesays.com\/de\/wp-content\/uploads\/2026\/04\/c392345edb1810758b7c0f45c8e926c4,cc5b88a3.jpeg\"   class=\"dynamic\" loading=\"lazy\"\/><\/p>\n<p class=\"fig__caption__text\">Nach seinem R\u00fcckzug aus dem TV postete Restaurantleiter Bernhard Sagerer Anfang April ein Foto von Thomas Gottschalk und seiner Frau Karina auf Instagram. Links im Bild Karinas Tochter Melinda (30)<\/p>\n<p>Gottschalk trifft Kerner zum Talk <\/p>\n<p>Anfang April zeigte sich der Moderator \u00f6ffentlich bei einem Besuch in der Bierwirtschaft \u201eBr\u00e4ust\u00fcberl Tegernsee\u201c. Restaurantleiter Bernhard Sagerer machte ein Foto von <a href=\"https:\/\/www.bild.de\/unterhaltung\/leute\/thomas-gottschalk\/thema-thomas-gottschalk-alle-infos-82022690.bild.html\" class=\"text-link\" rel=\"nofollow noopener\" target=\"_blank\">Thomas Gottschalk<\/a> und Ehefrau Karina (64). Er postete es bei Instagram, obwohl es eigentlich f\u00fcr das G\u00e4stebuch gedacht war. <\/p>\n<p>Und auch am Mittwoch gab es eine \u00dcberraschung auf Gottschalks Instagram-Account (196.000 Follower). In einer <a href=\"https:\/\/www.instagram.com\/p\/DXtfNKmDNoo\/\" target=\"_blank\" rel=\"nofollow noopener\" class=\"text-link--external text-link\">Story<\/a> k\u00fcndigte Moderator Johannes B. Kerner (61) an, Gottschalk bald als Gast in seiner Talk-Reihe \u201eWelcome2Kerner\u201c begr\u00fc\u00dfen zu d\u00fcrfen. Beide wollen Ende des Jahres an Bord des Kreuzfahrtschiffes Europa 2 im Indischen Ozean miteinander sprechen. <\/p>\n<p><script async src=\"\/\/www.instagram.com\/embed.js\"><\/script><\/p>\n","protected":false},"excerpt":{"rendered":"TTS-Player \u00fcberspringen\u21b5Artikel weiterlesen M\u00fcnchen (Bayern) \u2013 Es h\u00e4tte sein B\u00fchnen-Comeback werden sollen! Rund vier Monate nach seinem TV-Abschied&hellip;\n","protected":false},"author":2,"featured_media":982832,"comment_status":"","ping_status":"","sticky":false,"template":"","format":"standard","meta":{"footnotes":"","_share_on_mastodon":"0"},"categories":[155],"tags":[29,214,30,16687,1080,3881,1268,8718,138370,215,16686,1448],"class_list":["post-982831","post","type-post","status-publish","format-standard","has-post-thumbnail","category-unterhaltung","tag-deutschland","tag-entertainment","tag-germany","tag-gottschalk-thomas","tag-krebs","tag-moderator","tag-muenchen","tag-preisverleihung","tag-team-first","tag-unterhaltung","tag-wetten-dass","tag-zdf"],"share_on_mastodon":{"url":"https:\/\/pubeurope.com\/@de\/116490193684651528","error":""},"_links":{"self":[{"href":"https:\/\/www.europesays.com\/de\/wp-json\/wp\/v2\/posts\/982831","targetHints":{"allow":["GET"]}}],"collection":[{"href":"https:\/\/www.europesays.com\/de\/wp-json\/wp\/v2\/posts"}],"about":[{"href":"https:\/\/www.europesays.com\/de\/wp-json\/wp\/v2\/types\/post"}],"author":[{"embeddable":true,"href":"https:\/\/www.europesays.com\/de\/wp-json\/wp\/v2\/users\/2"}],"replies":[{"embeddable":true,"href":"https:\/\/www.europesays.com\/de\/wp-json\/wp\/v2\/comments?post=982831"}],"version-history":[{"count":0,"href":"https:\/\/www.europesays.com\/de\/wp-json\/wp\/v2\/posts\/982831\/revisions"}],"wp:featuredmedia":[{"embeddable":true,"href":"https:\/\/www.europesays.com\/de\/wp-json\/wp\/v2\/media\/982832"}],"wp:attachment":[{"href":"https:\/\/www.europesays.com\/de\/wp-json\/wp\/v2\/media?parent=982831"}],"wp:term":[{"taxonomy":"category","embeddable":true,"href":"https:\/\/www.europesays.com\/de\/wp-json\/wp\/v2\/categories?post=982831"},{"taxonomy":"post_tag","embeddable":true,"href":"https:\/\/www.europesays.com\/de\/wp-json\/wp\/v2\/tags?post=982831"}],"curies":[{"name":"wp","href":"https:\/\/api.w.org\/{rel}","templated":true}]}}