{"id":982898,"date":"2026-04-29T22:27:40","date_gmt":"2026-04-29T22:27:40","guid":{"rendered":"https:\/\/www.europesays.com\/de\/982898\/"},"modified":"2026-04-29T22:27:40","modified_gmt":"2026-04-29T22:27:40","slug":"bonnlive-16-veranstaltungen-auf-seebuehne-am-post-tower-geplant","status":"publish","type":"post","link":"https:\/\/www.europesays.com\/de\/982898\/","title":{"rendered":"BonnLive: 16 Veranstaltungen auf Seeb\u00fchne am Post Tower geplant"},"content":{"rendered":"<p class=\"small date article__date\">Ver\u00f6ffentlicht:\u00a0Mittwoch, 29.04.2026 18:13<\/p>\n<p>BonnLive kommt zur\u00fcck &#8211; mit einer Seeb\u00fchne mitten im Gr\u00fcnen. Im \u201eKulturgarten\u201c im Park der DHL Group hinter dem PostTower wird im Sp\u00e4tsommer auf dem Wasser gespielt, bei insgesamt 16 Veranstaltungen.<\/p>\n<p><img decoding=\"async\" alt=\"\" src=\"https:\/\/www.europesays.com\/de\/wp-content\/uploads\/2026\/04\/animation-kulturgarten-2026.png&#038;crop=21x0x1565x978&#038;resize=1280x799&#038;dt=202604291818410.png\" data-size=\"1280x799\"\/>\u00a9 Animation Kulturgarten<\/p>\n<p>Es gibt ein bunt gemischtes Programm: Milji\u00f6 treten auf, He\/Ro, besser bekannt als die Lochis, Lol das Stand-up Startup oder das Junge Theater Bonn. Und Initiator Sandro Heinemann von Bonn Live hat sogar einen ganz pers\u00f6nlichen Favoriten:<\/p>\n<blockquote><p>Grunds\u00e4tzlich bin ich einfach sehr stolz darauf, dass das Beethovenfest als eigentlich die \u00fcber allem stehende Institution in Bonn mit dabei ist und dieses Format so toll fand, dass sie gesagt haben, sie machen hier zwei Veranstaltungen. <\/p><\/blockquote>\n<p>Die B\u00fchne ist f\u00fcr rund 500 G\u00e4ste bei Sitzveranstaltungen ausgelegt, bei Steh-Events passen bis zu 1.000 Leute drauf. Trotzdem soll das Ganze bewusst \u00fcberschaubar bleiben, kein gro\u00dfes Festival werden. Der Vorverkauf startet am Freitagmittag (1. Mai).<\/p>\n","protected":false},"excerpt":{"rendered":"Ver\u00f6ffentlicht:\u00a0Mittwoch, 29.04.2026 18:13 BonnLive kommt zur\u00fcck &#8211; mit einer Seeb\u00fchne mitten im Gr\u00fcnen. Im \u201eKulturgarten\u201c im Park der&hellip;\n","protected":false},"author":2,"featured_media":982899,"comment_status":"","ping_status":"","sticky":false,"template":"","format":"standard","meta":{"footnotes":"","_share_on_mastodon":"0"},"categories":[1842],"tags":[212911,212912,1741,3364,29,30,1209,7631],"class_list":["post-982898","post","type-post","status-publish","format-standard","has-post-thumbnail","category-bonn","tag-seebhne","tag-bonnlive","tag-bonn","tag-de","tag-deutschland","tag-germany","tag-nordrhein-westfalen","tag-post-tower"],"share_on_mastodon":{"url":"https:\/\/pubeurope.com\/@de\/116490355033477834","error":""},"_links":{"self":[{"href":"https:\/\/www.europesays.com\/de\/wp-json\/wp\/v2\/posts\/982898","targetHints":{"allow":["GET"]}}],"collection":[{"href":"https:\/\/www.europesays.com\/de\/wp-json\/wp\/v2\/posts"}],"about":[{"href":"https:\/\/www.europesays.com\/de\/wp-json\/wp\/v2\/types\/post"}],"author":[{"embeddable":true,"href":"https:\/\/www.europesays.com\/de\/wp-json\/wp\/v2\/users\/2"}],"replies":[{"embeddable":true,"href":"https:\/\/www.europesays.com\/de\/wp-json\/wp\/v2\/comments?post=982898"}],"version-history":[{"count":0,"href":"https:\/\/www.europesays.com\/de\/wp-json\/wp\/v2\/posts\/982898\/revisions"}],"wp:featuredmedia":[{"embeddable":true,"href":"https:\/\/www.europesays.com\/de\/wp-json\/wp\/v2\/media\/982899"}],"wp:attachment":[{"href":"https:\/\/www.europesays.com\/de\/wp-json\/wp\/v2\/media?parent=982898"}],"wp:term":[{"taxonomy":"category","embeddable":true,"href":"https:\/\/www.europesays.com\/de\/wp-json\/wp\/v2\/categories?post=982898"},{"taxonomy":"post_tag","embeddable":true,"href":"https:\/\/www.europesays.com\/de\/wp-json\/wp\/v2\/tags?post=982898"}],"curies":[{"name":"wp","href":"https:\/\/api.w.org\/{rel}","templated":true}]}}