{"id":982935,"date":"2026-04-29T22:48:19","date_gmt":"2026-04-29T22:48:19","guid":{"rendered":"https:\/\/www.europesays.com\/de\/982935\/"},"modified":"2026-04-29T22:48:19","modified_gmt":"2026-04-29T22:48:19","slug":"zeitkapsel-fuer-das-stuttgart-moving-image-center-uebergeben","status":"publish","type":"post","link":"https:\/\/www.europesays.com\/de\/982935\/","title":{"rendered":"Zeitkapsel f\u00fcr das Stuttgart Moving Image Center \u00fcbergeben"},"content":{"rendered":"<p>Die Zeitkapsel h\u00e4lt zentrale Informationen zum Projekt f\u00fcr kommende Generationen fest. Sie wird dauerhaft im Geb\u00e4ude verankert werden. Neben aktuellen Bauunterlagen enth\u00e4lt sie unter anderem eine Silberm\u00fcnze der Landeshauptstadt Stuttgart, ein aktuelles Amtsblatt sowie die Pl\u00e4ne des Geb\u00e4udes.<\/p>\n<p>Der Entwurf der Arbeitsgemeinschaft Delugan Meissl Associated Architects aus Wien mit Wenzel+Wenzel Freie Architekten PartmbB aus Karlsruhe ist aus dem Architekturwettbewerb 2022 hervorgegangen. Seitdem wurde er konsequent weiterentwickelt.\u00a0<\/p>\n<p>Dr. Gabriele K\u00f6nig, Gesch\u00e4ftsf\u00fchrerin der IBA\u201927 GmbH, sagt: \u201eSt\u00e4dtebaulich setzt das Projekt einen bedeutenden Impuls f\u00fcr die Stuttgarter Innenstadt. Mit dem SMIC wird die bestehende Kulturmeile von Staatsgalerie, Staatstheater, Landesbibliothek und Stadtpalais bis zum Wilhelmsplatz verl\u00e4ngert. Gleichzeitig entstehen neue Verbindungen zwischen der Leonhardsvorstadt und der Innenstadt. Der Neubau tr\u00e4gt zur Aufwertung des \u00f6ffentlichen Raums bei und schafft zus\u00e4tzliche Aufenthaltsqualit\u00e4t.\u201c<\/p>\n","protected":false},"excerpt":{"rendered":"Die Zeitkapsel h\u00e4lt zentrale Informationen zum Projekt f\u00fcr kommende Generationen fest. Sie wird dauerhaft im Geb\u00e4ude verankert werden.&hellip;\n","protected":false},"author":2,"featured_media":4018,"comment_status":"","ping_status":"","sticky":false,"template":"","format":"standard","meta":{"footnotes":"","_share_on_mastodon":"0"},"categories":[1830],"tags":[1634,45138,3364,29,92,102684,30,80,8343,8345,212916,212917,62,212918,212915,5004,125313,1441,65947],"class_list":["post-982935","post","type-post","status-publish","format-standard","has-post-thumbnail","category-stuttgart","tag-baden-wuerttemberg","tag-bauprojekte","tag-de","tag-deutschland","tag-film","tag-filmfoerderung","tag-germany","tag-kultur","tag-kulturelle-bildung","tag-kulturfoerderung","tag-kunstgueter","tag-kunstvermoegensverwaltung","tag-medien","tag-provenenienzrecherche","tag-smic","tag-staedtebau","tag-staedtebauentwicklung","tag-stuttgart","tag-zeitkapsel"],"share_on_mastodon":{"url":"https:\/\/pubeurope.com\/@de\/116490437097137744","error":""},"_links":{"self":[{"href":"https:\/\/www.europesays.com\/de\/wp-json\/wp\/v2\/posts\/982935","targetHints":{"allow":["GET"]}}],"collection":[{"href":"https:\/\/www.europesays.com\/de\/wp-json\/wp\/v2\/posts"}],"about":[{"href":"https:\/\/www.europesays.com\/de\/wp-json\/wp\/v2\/types\/post"}],"author":[{"embeddable":true,"href":"https:\/\/www.europesays.com\/de\/wp-json\/wp\/v2\/users\/2"}],"replies":[{"embeddable":true,"href":"https:\/\/www.europesays.com\/de\/wp-json\/wp\/v2\/comments?post=982935"}],"version-history":[{"count":0,"href":"https:\/\/www.europesays.com\/de\/wp-json\/wp\/v2\/posts\/982935\/revisions"}],"wp:featuredmedia":[{"embeddable":true,"href":"https:\/\/www.europesays.com\/de\/wp-json\/wp\/v2\/media\/4018"}],"wp:attachment":[{"href":"https:\/\/www.europesays.com\/de\/wp-json\/wp\/v2\/media?parent=982935"}],"wp:term":[{"taxonomy":"category","embeddable":true,"href":"https:\/\/www.europesays.com\/de\/wp-json\/wp\/v2\/categories?post=982935"},{"taxonomy":"post_tag","embeddable":true,"href":"https:\/\/www.europesays.com\/de\/wp-json\/wp\/v2\/tags?post=982935"}],"curies":[{"name":"wp","href":"https:\/\/api.w.org\/{rel}","templated":true}]}}