{"id":982962,"date":"2026-04-29T23:04:30","date_gmt":"2026-04-29T23:04:30","guid":{"rendered":"https:\/\/www.europesays.com\/de\/982962\/"},"modified":"2026-04-29T23:04:30","modified_gmt":"2026-04-29T23:04:30","slug":"markus-lanz-heute-das-sind-die-gaeste-und-themen-im-ueberblick-unterhaltung","status":"publish","type":"post","link":"https:\/\/www.europesays.com\/de\/982962\/","title":{"rendered":"Markus Lanz heute: Das sind die G\u00e4ste und Themen im \u00dcberblick | Unterhaltung"},"content":{"rendered":"<p><a class=\"skip-content skip-content--link\" href=\"#in-content-skip-link-target-v-0-0\">TTS-Player \u00fcberspringen\u21b5<\/a><a id=\"in-content-skip-link-target-v-0-0\" class=\"skip-content--target-link-hidden skip-content skip-content--target-link\" href=\"#in-content-skip-link-target-v-0-0\">Artikel weiterlesen<\/a><\/p>\n<p><b>Markus Lanz (57) l\u00e4dt dreimal die Woche diverse G\u00e4ste und Experten ein, um \u00fcber aktuelle gesellschaftliche und politische Themen zu diskutieren. Dabei l\u00e4sst er keine Debatte aus und f\u00fchlt Politikern, Journalisten und anderen Pers\u00f6nlichkeiten auf den Zahn. Die Talkshow ist ein Quotengarant, und das schon seit 2008.<\/b><\/p>\n<p>Die heutige Ausgabe von Markus Lanz l\u00e4uft um 23:45 Uhr (Dienstag) im ZDF. Nach der Ausstrahlung im TV gibt es die Folge in der ZDF-Mediathek im Stream. <\/p>\n<p>Themen und G\u00e4ste bei Markus Lanz am 28. April<\/p>\n<p><b>Worum geht es heute bei Markus Lanz? <\/b><\/p>\n<p>In der heutigen Ausgabe von \u201eMarkus Lanz\u201c stehen zentrale Herausforderungen der deutschen Politik im Mittelpunkt: die geplanten Reformen in der Gesundheits-, Renten- und Steuerpolitik sowie wachsende Spannungen innerhalb der Regierung. Zudem geht es um die politische Bedeutung des Haushalts 2027 und die Frage, welche gesellschaftliche Verantwortung aus der deutschen Geschichte f\u00fcr die Gegenwart erw\u00e4chst.<\/p>\n<p>Das sind die G\u00e4ste bei <a href=\"https:\/\/www.bild.de\/unterhaltung\/leute\/markus-lanz\/thema-markus-lanz-alle-infos-81728864.bild.html\" class=\"text-link\" rel=\"nofollow noopener\" target=\"_blank\">Markus Lanz<\/a> am 29. April 2026:<\/p>\n<ul class=\"unordered-list\">\n<li><b>Matthias Miersch (57), <\/b><a href=\"https:\/\/www.bild.de\/politik\/inland\/spd\/spd-alle-infos-76661710.bild.html\" class=\"text-link\" rel=\"nofollow noopener\" target=\"_blank\"><b>SPD<\/b><\/a><b>-Fraktionsvorsitzender: <\/b>Der Sozialdemokrat \u00e4u\u00dfert sich zu den Reformvorhaben der schwarz-roten Koalition in der Gesundheits-, Renten- und Steuerpolitik sowie zu den wachsenden Spannungen zwischen den Regierungspartnern.<\/li>\n<li><b>Eva Quadbeck (56), Journalistin: <\/b>Die Chefredakteurin des \u201eRedaktionsnetzwerk Deutschland\u201c ordnet die Beschl\u00fcsse zum Haushalt 2027 ein und beleuchtet deren politische Tragweite.<\/li>\n<li><b>R\u00fcdiger von Fritsch (72), ehemaliger Botschafter: <\/b>Vor dem Hintergrund seiner Familiengeschichte und der NS-Vergangenheit seines Vaters spricht er \u00fcber historische Verantwortung als Fundament einer lebendigen Demokratie.<\/li>\n<\/ul>\n<p>Die n\u00e4chste Ausgabe von Markus Lanz k\u00f6nnen Sie an diesem Termin sehen: <\/p>\n<ul class=\"unordered-list\">\n<li>Donnerstag, 30. April 2026, um 23:15 Uhr im <a href=\"https:\/\/www.bild.de\/themen\/organisationen\/zdf\/organisation-news-fotos-videos-19409352.bild.html\" class=\"text-link\" rel=\"nofollow noopener\" target=\"_blank\">ZDF<\/a> <\/li>\n<\/ul>\n<p>Wer die Sendung verpasst, kann alle Folgen nach der Ausstrahlung ab ca. 1 Uhr morgens in der <a href=\"https:\/\/www.zdf.de\/gesellschaft\/markus-lanz\" rel=\"nofollow noopener\" class=\"text-link--external text-link\" target=\"_blank\">ZDF-Mediathek<\/a> im Stream kostenlos nachschauen.<\/p>\n","protected":false},"excerpt":{"rendered":"TTS-Player \u00fcberspringen\u21b5Artikel weiterlesen Markus Lanz (57) l\u00e4dt dreimal die Woche diverse G\u00e4ste und Experten ein, um \u00fcber aktuelle&hellip;\n","protected":false},"author":2,"featured_media":982963,"comment_status":"","ping_status":"","sticky":false,"template":"","format":"standard","meta":{"footnotes":"","_share_on_mastodon":"0"},"categories":[1776],"tags":[1801,29,214,2287,30,31224,16,1802,2286,3638,215,1448],"class_list":["post-982962","post","type-post","status-publish","format-standard","has-post-thumbnail","category-prominente","tag-celebrities","tag-deutschland","tag-entertainment","tag-g-standard","tag-germany","tag-lanz-markus","tag-politik","tag-prominente","tag-seo-nicht-benutzen","tag-talkshow","tag-unterhaltung","tag-zdf"],"share_on_mastodon":{"url":"https:\/\/pubeurope.com\/@de\/116490500038782868","error":""},"_links":{"self":[{"href":"https:\/\/www.europesays.com\/de\/wp-json\/wp\/v2\/posts\/982962","targetHints":{"allow":["GET"]}}],"collection":[{"href":"https:\/\/www.europesays.com\/de\/wp-json\/wp\/v2\/posts"}],"about":[{"href":"https:\/\/www.europesays.com\/de\/wp-json\/wp\/v2\/types\/post"}],"author":[{"embeddable":true,"href":"https:\/\/www.europesays.com\/de\/wp-json\/wp\/v2\/users\/2"}],"replies":[{"embeddable":true,"href":"https:\/\/www.europesays.com\/de\/wp-json\/wp\/v2\/comments?post=982962"}],"version-history":[{"count":0,"href":"https:\/\/www.europesays.com\/de\/wp-json\/wp\/v2\/posts\/982962\/revisions"}],"wp:featuredmedia":[{"embeddable":true,"href":"https:\/\/www.europesays.com\/de\/wp-json\/wp\/v2\/media\/982963"}],"wp:attachment":[{"href":"https:\/\/www.europesays.com\/de\/wp-json\/wp\/v2\/media?parent=982962"}],"wp:term":[{"taxonomy":"category","embeddable":true,"href":"https:\/\/www.europesays.com\/de\/wp-json\/wp\/v2\/categories?post=982962"},{"taxonomy":"post_tag","embeddable":true,"href":"https:\/\/www.europesays.com\/de\/wp-json\/wp\/v2\/tags?post=982962"}],"curies":[{"name":"wp","href":"https:\/\/api.w.org\/{rel}","templated":true}]}}