{"id":983087,"date":"2026-04-30T00:16:13","date_gmt":"2026-04-30T00:16:13","guid":{"rendered":"https:\/\/www.europesays.com\/de\/983087\/"},"modified":"2026-04-30T00:16:13","modified_gmt":"2026-04-30T00:16:13","slug":"der-koningsdag-wird-gefeiert","status":"publish","type":"post","link":"https:\/\/www.europesays.com\/de\/983087\/","title":{"rendered":"Der Koningsdag wird gefeiert"},"content":{"rendered":"<p class=\"text_ohne_einzug richtext text-em-55 !leading-serif mx-6 desktop:mx-0\"> Zu Gast war in diesem Jahr auch die Botschaftsr\u00e4tin f\u00fcr Wissenschaft und Bildung, Ellen Ipenburg-Tomesen.<\/p>\n<p class=\"richtext text-em-55 !leading-serif mx-6 desktop:mx-0\">Unter den illustren G\u00e4sten war auch K\u00f6lns Oberb\u00fcrgermeister Torsten Burmester. \u201eDer Koningsdag in den Niederlanden ist laut, herzlich und vor allem orange. Mit seiner Lebensfreude erinnert er ein wenig an unseren K\u00f6lner Karneval. Denn Gemeinschaft ist dann am st\u00e4rksten, wenn Menschen auf der Stra\u00dfe gemeinsam feiern und sich selbst als Gemeinschaft sehen\u201d, sagte der OB, der an 60 Jahre St\u00e4dtepartnerschaft zwischen K\u00f6ln und Rotterdam erinnerte. \u201eDas ist gelebte europ\u00e4ische Integration mit Offenheit und Neugier. Denn Erkenntnis und Wissenschaft kennen keine Grenzen.\u201d<\/p>\n<p class=\"richtext text-em-55 !leading-serif mx-6 desktop:mx-0\">Das sieht auch der K\u00f6lner Unirektor, Prof. Joybrato Mukherjee, so, der selbst eine Zeit lang unweit von Aachen in den Niederlanden gelebt hat. \u201eVon unserem Haus in Vaals f\u00fchrte der Viergrenzen-Weg zum Drei-L\u00e4nder-Punkt, wo die Niederlande, Belgien und Deutschland aufeinandertreffen und wo Kinder versuchen, mit drei K\u00f6rperteilen gleichzeitig in den drei L\u00e4ndern zu sein\u201d, erinnerte sich der Wissenschaftler an den besonderen Ort.<\/p>\n<p class=\"richtext text-em-55 !leading-serif mx-6 desktop:mx-0\">In seiner Festrede zeigte der Unirektor auf, wie man durch Forschung und Wissenschaft Grenzen \u00fcberwinden kann und wie eng die K\u00f6lner Uni in Bereichen wie Medizin, Astrophysik und Linguistik mit den niederl\u00e4ndischen Kollegen und Institutionen zusammenarbeitet. In K\u00f6ln war die Niederlandistik zudem nach der Neugr\u00fcndung 1919 eines der ersten Institute der Universit\u00e4t.<\/p>\n<p class=\"richtext text-em-55 !leading-serif mx-6 desktop:mx-0\">Auch der Austausch der Studenten zwischen beiden L\u00e4ndern ist rege: \u201eDie Niederlande sind das wichtigste Auslandsziel deutscher Studierenden. Umgekehrt steht bei den niederl\u00e4ndischen Studierenden Deutschland auf Platz drei bei einem Studium im Ausland\u201d, berichtet Mukherjee, der auch Pr\u00e4sident des Deutschen Akademischen Austauschdienstes ist.<\/p>\n<p class=\"richtext text-em-55 !leading-serif mx-6 desktop:mx-0\">Zu den weiteren prominenten G\u00e4sten des Abends z\u00e4hlten Schauspieler Dietmar B\u00e4r, Moderatorin Bettina B\u00f6ttinger, Stunksitzungspr\u00e4sidenten Biggi Wanninger, Festkomitee-Pr\u00e4sident Lutz Schade, die Museumsdirektoren Marcus Dekiert und Yilmaz Dziewior, Kulturdezernent Stefan Charles und B\u00fcrgermeisterin Britta von B\u00fclow.<\/p>\n","protected":false},"excerpt":{"rendered":"Zu Gast war in diesem Jahr auch die Botschaftsr\u00e4tin f\u00fcr Wissenschaft und Bildung, Ellen Ipenburg-Tomesen. Unter den illustren&hellip;\n","protected":false},"author":2,"featured_media":983088,"comment_status":"","ping_status":"","sticky":false,"template":"","format":"standard","meta":{"footnotes":"","_share_on_mastodon":"0"},"categories":[1828],"tags":[29,3911,15906,1221,30,212958,1420,2160,21463,965,63014,1209,212959,193,5197],"class_list":["post-983087","post","type-post","status-publish","format-standard","has-post-thumbnail","category-koeln","tag-deutschland","tag-freundschaft","tag-gast","tag-gaeste","tag-germany","tag-joybrato-mukherjee","tag-koeln","tag-koelner","tag-koningsdag","tag-niederlande","tag-niederlaendische","tag-nordrhein-westfalen","tag-unirektor","tag-wissenschaft","tag-wissenschaftler"],"share_on_mastodon":{"url":"https:\/\/pubeurope.com\/@de\/116490783143346599","error":""},"_links":{"self":[{"href":"https:\/\/www.europesays.com\/de\/wp-json\/wp\/v2\/posts\/983087","targetHints":{"allow":["GET"]}}],"collection":[{"href":"https:\/\/www.europesays.com\/de\/wp-json\/wp\/v2\/posts"}],"about":[{"href":"https:\/\/www.europesays.com\/de\/wp-json\/wp\/v2\/types\/post"}],"author":[{"embeddable":true,"href":"https:\/\/www.europesays.com\/de\/wp-json\/wp\/v2\/users\/2"}],"replies":[{"embeddable":true,"href":"https:\/\/www.europesays.com\/de\/wp-json\/wp\/v2\/comments?post=983087"}],"version-history":[{"count":0,"href":"https:\/\/www.europesays.com\/de\/wp-json\/wp\/v2\/posts\/983087\/revisions"}],"wp:featuredmedia":[{"embeddable":true,"href":"https:\/\/www.europesays.com\/de\/wp-json\/wp\/v2\/media\/983088"}],"wp:attachment":[{"href":"https:\/\/www.europesays.com\/de\/wp-json\/wp\/v2\/media?parent=983087"}],"wp:term":[{"taxonomy":"category","embeddable":true,"href":"https:\/\/www.europesays.com\/de\/wp-json\/wp\/v2\/categories?post=983087"},{"taxonomy":"post_tag","embeddable":true,"href":"https:\/\/www.europesays.com\/de\/wp-json\/wp\/v2\/tags?post=983087"}],"curies":[{"name":"wp","href":"https:\/\/api.w.org\/{rel}","templated":true}]}}