{"id":983163,"date":"2026-04-30T01:06:17","date_gmt":"2026-04-30T01:06:17","guid":{"rendered":"https:\/\/www.europesays.com\/de\/983163\/"},"modified":"2026-04-30T01:06:17","modified_gmt":"2026-04-30T01:06:17","slug":"ukraine-krieg-putin-nach-telefonat-mit-trump-offen-fuer-kurze-waffenruhe-2","status":"publish","type":"post","link":"https:\/\/www.europesays.com\/de\/983163\/","title":{"rendered":"Ukraine-Krieg: Putin nach Telefonat mit Trump offen f\u00fcr kurze Waffenruhe"},"content":{"rendered":"<p class=\"paragraph article__item\">Kremlchef <a class=\"rtr-entity\" href=\"https:\/\/www.zeit.de\/thema\/wladimir-putin\" rel=\"nofollow noopener\" target=\"_blank\">Wladimir Putin<\/a> und US-Pr\u00e4sident Donald Trump haben in einem Telefonat \u00fcber eine befristete Waffenruhe im Ukraine-Krieg gesprochen. Putin sei bereit zu einer Feuerpause w\u00e4hrend der Feierlichkeiten zum Weltkriegsgedenken, sagte der au\u00dfenpolitische Berater des Kremlchefs, Juri\u00a0Uschakow. Russland feiert am 9. Mai traditionell den Sieg \u00fcber Nazi-Deutschland im Zweiten Weltkrieg.\u00a0\n<\/p>\n<p>Aktuelles<\/p>\n<p>                <a href=\"https:\/\/www.zeit.de\/politik\/ausland\/2026-04\/ukraine-russland-krieg-wladimir-putin-trump-telefonat-waffenruhe\" data-ct-label=\"Krieg in der Ukraine: Putin schl\u00e4gt kurze Feuerpause zu russischem Weltkriegsgedenken vor\" data-uuid=\"72fb5f45-e603-49c6-b3fe-c4435c8813cd\" rel=\"nofollow noopener\" target=\"_blank\"><\/p>\n<p>                        Krieg in der Ukraine:<br \/>\n                        Putin schl\u00e4gt kurze Feuerpause zu russischem Weltkriegsgedenken vor<\/p>\n<p>                <\/a><\/p>\n<p>                <a href=\"https:\/\/www.zeit.de\/politik\/ausland\/2026-04\/wladimir-putin-ukraine-krieg-ostern-waffenruhe-gxe\" data-ct-label=\"Ukrainekrieg: Wladimir Putin k\u00fcndigt Feuerpause f\u00fcr orthodoxe Ostern an\" data-uuid=\"03621b4c-1cc8-49ae-b0d0-09f8d0c571c8\" rel=\"nofollow noopener\" target=\"_blank\"><\/p>\n<p>                        Ukrainekrieg:<br \/>\n                        Wladimir Putin k\u00fcndigt Feuerpause f\u00fcr orthodoxe Ostern an<\/p>\n<p>                <\/a><\/p>\n<p>                <a href=\"https:\/\/www.zeit.de\/politik\/ausland\/2026-04\/ukraine-lage-iran-waffenruhe-russland-oel-donald-trump-wolodymyr-selenskyj-woche\" data-ct-label=\"Lage in der Ukraine: Drohnen, \u00d6l und Priorit\u00e4ten\" data-uuid=\"ffdd0d41-edbb-42cb-9e8f-d1564d96ccfb\" rel=\"nofollow noopener\" target=\"_blank\"><\/p>\n<p>                        Lage in der Ukraine:<br \/>\n                        Drohnen, \u00d6l und Priorit\u00e4ten<\/p>\n<p>                <\/a><\/p>\n<p class=\"paragraph article__item\">Weiter sagte Uschakow, das Gespr\u00e4ch sei offen und sachlich gewesen und habe auf russische Initiative stattgefunden. <a class=\"rtr-entity\" href=\"https:\/\/www.zeit.de\/thema\/donald-trump\" rel=\"nofollow noopener\" target=\"_blank\">Trump<\/a> sagte im Wei\u00dfen Haus, er habe Putin in einem \u00ablangen\u00bb, \u00abguten\u00bb Gespr\u00e4ch eine Waffenruhe nahegelegt &#8211; \u00abund ich glaube, er k\u00f6nnte das tun\u00bb.\u00a0\n<\/p>\n<p class=\"paragraph article__item\">Trump wurde im Oval Office auch gefragt, ob der Iran-Krieg oder der russische Krieg gegen die <a class=\"rtr-entity\" href=\"https:\/\/www.zeit.de\/thema\/krieg-in-ukraine\" rel=\"nofollow noopener\" target=\"_blank\">Ukraine<\/a> eher enden werde. Seine Antwort: \u00abIch wei\u00df es nicht.\u00bb Vielleicht l\u00e4gen die Kriege in einem \u00e4hnlichen Zeitplan. \u00abIch glaube, die Ukraine ist milit\u00e4risch gesehen geschlagen\u00bb, sagte er. Es blieb allerdings unklar, ob er tats\u00e4chlich die Ukraine meinte. Seine darauffolgenden S\u00e4tze legen nahe, dass der er das Land auch mit dem Iran verwechselt haben k\u00f6nnte. Denn darin spricht er von 159 aus dem Verkehr gezogenen Schiffen &#8211; eine Gr\u00f6\u00dfenordnung, die die USA f\u00fcr die zerst\u00f6rten oder besch\u00e4digten Schiffe der Irans angeben.\n<\/p>\n<p class=\"paragraph article__item\">Der 79-J\u00e4hrige bringt in seinen Reden und Statements immer wieder Fakten, Personen und Staaten durcheinander. Etliche oppositionelle Demokraten haben k\u00fcrzlich gefordert, ihn wegen Amtsunf\u00e4higkeit seines Amtes zu entheben.\u00a0\n<\/p>\n<p class=\"paragraph article__item\">Mit Blick auf Putin betonte der US-Pr\u00e4sident, er denke, der Kremlchef sei schon vor einiger Zeit bereit gewesen, eine Einigung zu erzielen. \u00abIch glaube, einige Leute haben es ihm schwer gemacht, einen Deal zu machen.\u00bb Trump hat seinen Kurs im Ukraine-Krieg mehrfach ge\u00e4ndert, f\u00e4llt allerdings immer wieder mit Russland-nahen Positionen auf.\u00a0\n<\/p>\n<p>        Moskau will Kriegsziele erreichen        <\/p>\n<p class=\"paragraph article__item\">Aus Moskau hie\u00df es, Putin habe Trump seine Sicht auf die Lage an der Front geschildert und Kiew Terror und Angriffe auf zivile Ziele vorgeworfen. Der Kremlchef beharrte demnach erneut auf den russischen Kriegszielen, er w\u00fcrde aber vorziehen, sie im Rahmen von Verhandlungen zu erreichen.\u00a0\n<\/p>\n<p class=\"paragraph article__item\">Die Ukraine nimmt als Teil ihres Abwehrkampfes systematisch und zuletzt immer erfolgreicher die russische \u00d6lindustrie ins Visier, die wichtig f\u00fcr Moskaus Finanzierung des Angriffskriegs ist. Bei den russischen Attacken kommen in der Ukraine fast t\u00e4glich Zivilisten zu Tode, Wohnh\u00e4user und f\u00fcr die Bewohner lebenswichtige Infrastruktur werden zerst\u00f6rt.\n<\/p>\n<p class=\"paragraph article__item\">Im vergangenen Jahr gab es eine dreit\u00e4gige <a class=\"rtr-entity\" href=\"https:\/\/www.zeit.de\/thema\/waffenruhe\" rel=\"nofollow noopener\" target=\"_blank\">Waffenruhe<\/a> \u00fcber die Feierlichkeiten zum Weltkriegsgedenken. Es gab bereits mehrfach Versuche zeitlich begrenzter Feuerpausen in dem seit mehr als vier Jahren andauernden russischen Angriffskrieg, bei denen sich beide Seiten Verst\u00f6\u00dfe vorwarfen \u2013 zuletzt vor gut zwei Wochen zum orthodoxen Osterfest.\n<\/p>\n<p class=\"paragraph article__item\">\u00a9 dpa-infocom, dpa:260429-930-12180\/2<\/p>\n","protected":false},"excerpt":{"rendered":"Kremlchef Wladimir Putin und US-Pr\u00e4sident Donald Trump haben in einem Telefonat \u00fcber eine befristete Waffenruhe im Ukraine-Krieg gesprochen.&hellip;\n","protected":false},"author":2,"featured_media":983164,"comment_status":"","ping_status":"","sticky":false,"template":"","format":"standard","meta":{"footnotes":"","_share_on_mastodon":"0"},"categories":[4012],"tags":[331,332,106,13,27713,308,14,25052,15,307,12,15605,317,1712,580,28835,306,2657],"class_list":["post-983163","post","type-post","status-publish","format-standard","has-post-thumbnail","category-ukraine","tag-aktuelle-nachrichten","tag-aktuelle-news","tag-donald-trump","tag-headlines","tag-juri-uschakow","tag-moskau","tag-nachrichten","tag-nazi-deutschland","tag-news","tag-russland","tag-schlagzeilen","tag-telefonat","tag-ukraine","tag-ukraine-krieg","tag-waffenruhe","tag-weltkriegsgedenken","tag-wladimir-putin","tag-zweiter-weltkrieg"],"share_on_mastodon":{"url":"https:\/\/pubeurope.com\/@de\/116490979935535016","error":""},"_links":{"self":[{"href":"https:\/\/www.europesays.com\/de\/wp-json\/wp\/v2\/posts\/983163","targetHints":{"allow":["GET"]}}],"collection":[{"href":"https:\/\/www.europesays.com\/de\/wp-json\/wp\/v2\/posts"}],"about":[{"href":"https:\/\/www.europesays.com\/de\/wp-json\/wp\/v2\/types\/post"}],"author":[{"embeddable":true,"href":"https:\/\/www.europesays.com\/de\/wp-json\/wp\/v2\/users\/2"}],"replies":[{"embeddable":true,"href":"https:\/\/www.europesays.com\/de\/wp-json\/wp\/v2\/comments?post=983163"}],"version-history":[{"count":0,"href":"https:\/\/www.europesays.com\/de\/wp-json\/wp\/v2\/posts\/983163\/revisions"}],"wp:featuredmedia":[{"embeddable":true,"href":"https:\/\/www.europesays.com\/de\/wp-json\/wp\/v2\/media\/983164"}],"wp:attachment":[{"href":"https:\/\/www.europesays.com\/de\/wp-json\/wp\/v2\/media?parent=983163"}],"wp:term":[{"taxonomy":"category","embeddable":true,"href":"https:\/\/www.europesays.com\/de\/wp-json\/wp\/v2\/categories?post=983163"},{"taxonomy":"post_tag","embeddable":true,"href":"https:\/\/www.europesays.com\/de\/wp-json\/wp\/v2\/tags?post=983163"}],"curies":[{"name":"wp","href":"https:\/\/api.w.org\/{rel}","templated":true}]}}