{"id":983205,"date":"2026-04-30T01:32:18","date_gmt":"2026-04-30T01:32:18","guid":{"rendered":"https:\/\/www.europesays.com\/de\/983205\/"},"modified":"2026-04-30T01:32:18","modified_gmt":"2026-04-30T01:32:18","slug":"der-stadtrat-tagte-keine-mehrheit-fuer-verschaerfte-sicherheitsmassnahmen-am-bahnhof-%c2%b7-leipziger-zeitung","status":"publish","type":"post","link":"https:\/\/www.europesays.com\/de\/983205\/","title":{"rendered":"Der Stadtrat tagte: Keine Mehrheit f\u00fcr versch\u00e4rfte Sicherheitsma\u00dfnahmen am Bahnhof \u00b7 Leipziger Zeitung"},"content":{"rendered":"<p>Auf Antrag der CDU-Fraktion hat sich der Stadtrat am Mittwoch, dem 29. April, mit der Situation rund um den Hauptbahnhof besch\u00e4ftigt. Die CDU sieht Video\u00fcberwachung und einen Zaun am Schwanenteich als m\u00f6gliche L\u00f6sungen f\u00fcr Kriminalit\u00e4t. Weil die meisten anderen Fraktionen das skeptisch sehen, wurde nur eine entsch\u00e4rfte Formulierung beschlossen.<\/p>\n<p>Zwischen 2017 und 2021 hatte sich die Stadtverwaltung an einem Forschungsprojekt zu Bahnh\u00f6fen als Kriminalit\u00e4tsschwerpunkten beteiligt. Ergebnis war unter anderem ein spezielles Pr\u00e4ventionskonzept f\u00fcr Leipzig. Die CDU-Fraktion hatte beantragt, die darin formulierten Ma\u00dfnahmen \u201ezu pr\u00fcfen, bei Bedarf anzupassen und neue abzuleiten\u201c.<img decoding=\"async\" src=\"https:\/\/www.europesays.com\/de\/wp-content\/uploads\/2026\/04\/df8f3667023b498abad6463d65811d21.gif\" width=\"https:\/\/www.l-iz.de\/politik\/brennpunkt\/2026\/04\/1\" height=\"https:\/\/www.l-iz.de\/politik\/brennpunkt\/2026\/04\/1\" alt=\"\"\/><\/p>\n<p>Besonders hatte die CDU dabei drei Punkte im Blick: mehr Licht und Video\u00fcberwachung im B\u00fcrgermeister-M\u00fcller-Park gegen\u00fcber dem Hauptbahnhof, ein Zaun rund um den Schwanenteich mit \u00d6ffnungszeiten bei Tageslicht und mehr Polizeipr\u00e4senz an der Stra\u00dfenbahnhaltestelle.<\/p>\n<p>\u201eWir reden \u00fcber Sicherheit im Herzen unserer Stadt\u201c, so CDU-Stadtrat Andreas Schultz in der Ratsversammlung. Kriminalit\u00e4t in diesem Bereich w\u00fcrde f\u00fcr Verunsicherung und Angst sorgen \u2013 und auch das Ansehen von Leipzig besch\u00e4digen. Der Antrag sei auch Ergebnis eines \u201eintensiven Austauschs\u201c mit der Polizei.<\/p>\n<p>Kritik von allen Seiten<\/p>\n<p>Allzu viel Unterst\u00fctzung f\u00fcr ihre Ideen fand die CDU im Rat allerdings nicht. AfD-Stadtrat Christian Kriegel bezeichnete die Einfriedung des Schwanenteichs als falschen Weg. Er sei dagegen, den \u00f6ffentlichen Raum auf diese Weise einzuschr\u00e4nken.<\/p>\n<p>In der BSW-Fraktion sah man Pro- und Contra-Argumente f\u00fcr den Zaun, zweifelte jedoch insbesondere an der Video\u00fcberwachung. Gewalt lie\u00dfe sich damit nicht verhindern und Kriminalit\u00e4t w\u00fcrde sich verlagern, argumentierte Ralf Pannowitsch.<\/p>\n<p>Noch weniger \u00fcberraschte die Ablehnung in den anderen Fraktionen. Rednerinnen von Linken, Gr\u00fcnen und SPD betonten, dass man die Ursachen von Kriminalit\u00e4t bek\u00e4mpfen m\u00fcsse: mit mehr Unterst\u00fctzung f\u00fcr Streetworker*innen, die Bahnhofsmission sowie Drogenhilfe und Suchtpr\u00e4vention.<\/p>\n<p>Dass soziale Unterst\u00fctzung und Pr\u00e4vention n\u00f6tig seien, hatte zuvor auch CDU-Stadtrat Schultz angesprochen. \u201eOrdnungspolitische Ma\u00dfnahmen sind aber nicht verzichtbar.\u201c<\/p>\n<p>Kriminalit\u00e4tszahlen offenbar gesunken<\/p>\n<p>Katharina Subat aus der Freien Fraktion kritisierte die CDU daf\u00fcr, die Zust\u00e4nde zu \u00fcbertreiben. Es w\u00fcrde so klingen, als sei Leipzig eine richtige Gro\u00dfstadt wie Berlin geworden. Ordnungsb\u00fcrgermeister Heiko Rosenthal lie\u00df durchblicken, dass es zuletzt zumindest keine wachsende Kriminalit\u00e4t gegeben habe: Laut Statistik seien die Zahl f\u00fcr typische Straftaten im Vorjahr gesunken.<\/p>\n<p>Schlie\u00dflich kam der Verwaltungsstandpunkt zur Abstimmung. Dieser sieht vor, das Pr\u00e4ventionsprojekt zu \u00fcberpr\u00fcfen, verzichtet aber darauf, konkrete Ma\u00dfnahmen schon im Vorfeld besonders in den Blick zu nehmen.<\/p>\n<p>Zu einem Thema \u00e4u\u00dferte sich das Ordnungsamt dabei besonders deutlich: \u201eAus denkmalpflegerischen Gr\u00fcnden werden die Punkte bez\u00fcglich der Schaffung neuer Sichtachsen, der Einfriedung des Areals Schwanenteich und dessen Ausweisung als Hundewiese weiterhin als nicht genehmigungsf\u00e4hig eingesch\u00e4tzt und werden auch aus gestalterischer und funktionaler Sicht sowie unter kriminologischen Gesichtspunkten abgelehnt.\u201c<\/p>\n<p>CDU und BSW stimmten gegen den Verwaltungsvorschlag; die restlichen Fraktionen daf\u00fcr.<\/p>\n","protected":false},"excerpt":{"rendered":"Auf Antrag der CDU-Fraktion hat sich der Stadtrat am Mittwoch, dem 29. April, mit der Situation rund um&hellip;\n","protected":false},"author":2,"featured_media":983206,"comment_status":"","ping_status":"","sticky":false,"template":"","format":"standard","meta":{"footnotes":"","_share_on_mastodon":"0"},"categories":[1832],"tags":[3364,29,30,3601,1584,71,859,212977,1108],"class_list":["post-983205","post","type-post","status-publish","format-standard","has-post-thumbnail","category-leipzig","tag-de","tag-deutschland","tag-germany","tag-hauptbahnhof","tag-kriminalitaet","tag-leipzig","tag-sachsen","tag-schwanenteich","tag-stadtrat"],"share_on_mastodon":{"url":"","error":""},"_links":{"self":[{"href":"https:\/\/www.europesays.com\/de\/wp-json\/wp\/v2\/posts\/983205","targetHints":{"allow":["GET"]}}],"collection":[{"href":"https:\/\/www.europesays.com\/de\/wp-json\/wp\/v2\/posts"}],"about":[{"href":"https:\/\/www.europesays.com\/de\/wp-json\/wp\/v2\/types\/post"}],"author":[{"embeddable":true,"href":"https:\/\/www.europesays.com\/de\/wp-json\/wp\/v2\/users\/2"}],"replies":[{"embeddable":true,"href":"https:\/\/www.europesays.com\/de\/wp-json\/wp\/v2\/comments?post=983205"}],"version-history":[{"count":0,"href":"https:\/\/www.europesays.com\/de\/wp-json\/wp\/v2\/posts\/983205\/revisions"}],"wp:featuredmedia":[{"embeddable":true,"href":"https:\/\/www.europesays.com\/de\/wp-json\/wp\/v2\/media\/983206"}],"wp:attachment":[{"href":"https:\/\/www.europesays.com\/de\/wp-json\/wp\/v2\/media?parent=983205"}],"wp:term":[{"taxonomy":"category","embeddable":true,"href":"https:\/\/www.europesays.com\/de\/wp-json\/wp\/v2\/categories?post=983205"},{"taxonomy":"post_tag","embeddable":true,"href":"https:\/\/www.europesays.com\/de\/wp-json\/wp\/v2\/tags?post=983205"}],"curies":[{"name":"wp","href":"https:\/\/api.w.org\/{rel}","templated":true}]}}