{"id":983406,"date":"2026-04-30T03:20:14","date_gmt":"2026-04-30T03:20:14","guid":{"rendered":"https:\/\/www.europesays.com\/de\/983406\/"},"modified":"2026-04-30T03:20:14","modified_gmt":"2026-04-30T03:20:14","slug":"nba-franz-wagner-droht-ausfall-im-playoff-kracher-sport","status":"publish","type":"post","link":"https:\/\/www.europesays.com\/de\/983406\/","title":{"rendered":"NBA: Franz Wagner droht Ausfall im Playoff-Kracher | Sport"},"content":{"rendered":"<p><a class=\"skip-content skip-content--link\" href=\"#in-content-skip-link-target-v-0-0\">TTS-Player \u00fcberspringen\u21b5<\/a><a id=\"in-content-skip-link-target-v-0-0\" class=\"skip-content--target-link-hidden skip-content skip-content--target-link\" href=\"#in-content-skip-link-target-v-0-0\">Artikel weiterlesen<\/a><\/p>\n<p><b>Gro\u00dfe Sorgen um Deutschlands NBA-Star Franz Wagner (24)! Kurz vor dem entscheidenden Playoff-Spiel der Orlando Magic gegen die Detroit Pistons (in der Nacht von Mittwoch auf Donnerstag um 1 Uhr) wurde bekannt, dass er wegen einer Wadenverletzung nicht mitwirken kann.<\/b><\/p>\n<p><a href=\"https:\/\/www.bild.de\/themen\/ereignisse\/nba\/sport-nachrichten-news-fotos-videos-15887220.bild.html\" class=\"text-link\" rel=\"nofollow noopener\" target=\"_blank\">Wagner<\/a> fehlte vor Spiel 5 bereits beim Shootaround seines Teams. Ein deutliches Warnsignal, denn gerade in der hei\u00dfen Phase der Playoffs gilt die Teilnahme an den letzten Trainingseinheiten meist als Gradmesser f\u00fcr die Einsatzf\u00e4higkeit. In einem Clip ist Wagner zu sehen, wie er auf der Bank sitzt und dabei auf seinem Handy tippt.<\/p>\n<p>Der Grund f\u00fcr den Ausfall ist eine Verletzung an der Wade. Wagner hatte sich die Blessur im vierten Spiel der Serie zugezogen und musste die Partie vorzeitig beenden. Im 4. Viertel kam er gar nicht mehr zum Einsatz.<\/p>\n<p>Mehr zum Thema<\/p>\n<p>Seitdem wird er intensiv behandelt. \u201eZiemlich frustrierend\u201c, sagte Wagner kurz vor Spiel 5 in Detroit: \u201eEs ist immer schei\u00dfe, Spiele zu verpassen, besonders in den Playoffs. Also ziemlich frustriert dar\u00fcber.\u201c Coach Jamahl Mosley erkl\u00e4rte, dass Wagner m\u00f6glicherweise auch in Spiel 6 fehlen k\u00f6nnte. Je nachdem, wie die Behandlung anschl\u00e4gt, k\u00f6nnte sich die Ausfallzeit verringern oder sogar verl\u00e4ngern. <\/p>\n<p>Besonders bitter f\u00fcr Orlando: Die Magic stehen kurz davor, die Serie zu entscheiden. Mit einer 3:1-F\u00fchrung im R\u00fccken k\u00f6nnte ein Sieg in Spiel 5 den Einzug in die n\u00e4chste Runde perfekt machen. Doch ausgerechnet jetzt droht der Ausfall eines ihrer wichtigsten Spieler. Wagner geh\u00f6rt zu den zentralen Offensivkr\u00e4ften im Team und liefert in der Serie konstant starke Leistungen ab.<\/p>\n<p>Mitspieler Paolo Banchero sagte nach dem Shootaround: \u201eIch glaube nicht, dass wir erwartet haben, dass er spielt.\u201c<\/p>\n<p>Nun wollen die Magic ohne Wagner in die 2. Runde einziehen. Daf\u00fcr braucht es in Detroit einen Sieg.<\/p>\n","protected":false},"excerpt":{"rendered":"TTS-Player \u00fcberspringen\u21b5Artikel weiterlesen Gro\u00dfe Sorgen um Deutschlands NBA-Star Franz Wagner (24)! Kurz vor dem entscheidenden Playoff-Spiel der Orlando&hellip;\n","protected":false},"author":2,"featured_media":983407,"comment_status":"","ping_status":"","sticky":false,"template":"","format":"standard","meta":{"footnotes":"","_share_on_mastodon":"0"},"categories":[136],"tags":[1263,2493,29,30,18974,15918,18973,265,18975],"class_list":["post-983406","post","type-post","status-publish","format-standard","has-post-thumbnail","category-sport","tag-aufmacher-bereich","tag-basketball","tag-deutschland","tag-germany","tag-moritz-wagner","tag-nba","tag-orlando-magic","tag-sport","tag-wagner-franz"],"share_on_mastodon":{"url":"https:\/\/pubeurope.com\/@de\/116491506696329130","error":""},"_links":{"self":[{"href":"https:\/\/www.europesays.com\/de\/wp-json\/wp\/v2\/posts\/983406","targetHints":{"allow":["GET"]}}],"collection":[{"href":"https:\/\/www.europesays.com\/de\/wp-json\/wp\/v2\/posts"}],"about":[{"href":"https:\/\/www.europesays.com\/de\/wp-json\/wp\/v2\/types\/post"}],"author":[{"embeddable":true,"href":"https:\/\/www.europesays.com\/de\/wp-json\/wp\/v2\/users\/2"}],"replies":[{"embeddable":true,"href":"https:\/\/www.europesays.com\/de\/wp-json\/wp\/v2\/comments?post=983406"}],"version-history":[{"count":0,"href":"https:\/\/www.europesays.com\/de\/wp-json\/wp\/v2\/posts\/983406\/revisions"}],"wp:featuredmedia":[{"embeddable":true,"href":"https:\/\/www.europesays.com\/de\/wp-json\/wp\/v2\/media\/983407"}],"wp:attachment":[{"href":"https:\/\/www.europesays.com\/de\/wp-json\/wp\/v2\/media?parent=983406"}],"wp:term":[{"taxonomy":"category","embeddable":true,"href":"https:\/\/www.europesays.com\/de\/wp-json\/wp\/v2\/categories?post=983406"},{"taxonomy":"post_tag","embeddable":true,"href":"https:\/\/www.europesays.com\/de\/wp-json\/wp\/v2\/tags?post=983406"}],"curies":[{"name":"wp","href":"https:\/\/api.w.org\/{rel}","templated":true}]}}