{"id":983412,"date":"2026-04-30T03:23:16","date_gmt":"2026-04-30T03:23:16","guid":{"rendered":"https:\/\/www.europesays.com\/de\/983412\/"},"modified":"2026-04-30T03:23:16","modified_gmt":"2026-04-30T03:23:16","slug":"us-notenbank-jerome-powell-kritisiert-beispiellose-angriffe-auf-die-fed","status":"publish","type":"post","link":"https:\/\/www.europesays.com\/de\/983412\/","title":{"rendered":"US-Notenbank: Jerome Powell kritisiert \u00bbbeispiellose\u00ab Angriffe auf die Fed"},"content":{"rendered":"<p class=\"paragraph article__item\">Der scheidende Chef der <a href=\"https:\/\/www.zeit.de\/thema\/fed\" target=\"_blank\" rel=\"nofollow noopener\">US-Notenbank Federal Reserve<\/a>, Jerome Powell, hat die juristischen Angriffe der Trump-Regierung gegen die Notenbank deutlich kritisiert. \u00bbDiese rechtlichen Schritte der Regierung sind in unserer 113-j\u00e4hrigen Geschichte beispiellos\u00ab, sagte Powell bei seiner voraussichtlich letzten Pressekonferenz als Fed-Chef. Sie gef\u00e4hrdeten die \u00bbF\u00e4higkeit, Geldpolitik ohne Ber\u00fccksichtigung politischer Faktoren zu betreiben\u00ab.\n<\/p>\n<p class=\"paragraph article__item\">Powell zeigte sich besorgt, dass die Angriffe die Institution schw\u00e4chen k\u00f6nnten. Es sei wichtig, dass sich die US-B\u00fcrger auf eine Zentralbank verlassen k\u00f6nnten, die frei von politischem Einfluss sei. Sie sei \u00bbein absolutes Fundament\u00ab der US-Wirtschaft.\n<\/p>\n<p class=\"paragraph article__item\">Zugleich k\u00fcndigte Powell an, nach dem Ende seiner Amtszeit am 15. Mai als einfacher Gouverneur im Vorstand der Fed zu bleiben. Die j\u00fcngsten Ereignisse h\u00e4tten ihm \u00bbkeine Wahl\u00ab gelassen, als seinen Sitz im Vorstand zu behalten.\u00a0\n<\/p>\n<p class=\"paragraph article__item\">Wie lange er bleiben wolle, lie\u00df Powell offen: Er werde den Vorstand nicht verlassen, bis die Ermittlungen gegen ihn \u00bbwirklich und endg\u00fcltig unter transparenten Bedingungen abgeschlossen\u00ab seien. Zugleich k\u00fcndigte er an, sich in der Funktion \u00bbzur\u00fcckhaltend verhalten\u00ab zu wollen. Seinem <a href=\"https:\/\/www.zeit.de\/wirtschaft\/2026-01\/kevin-warsh-fed-us-notenbank-donald-trump\" target=\"_blank\" rel=\"nofollow noopener\">designierten Nachfolger Kevin Warsh<\/a> w\u00fcnschte er alles Gute.\n<\/p>\n<p class=\"paragraph article__item\">US-Pr\u00e4sident Donald Trump reagierte auf die Ank\u00fcndigung Powells, im Gouverneursrat der Fed zu bleiben, mit Hohn. \u00bbPowell will bei der Fed bleiben, weil er nirgendwo sonst einen Job bekommt, niemand will ihn\u00ab, schrieb Trump auf seiner Onlineplattform.\n<\/p>\n<p>                            \u00a9\u00a0ZEIT ONLINE<\/p>\n<p>\n                                        Newsletter<br \/>\n                                        ZEIT Geldkurs<\/p>\n<p class=\"newsletter-signup__text\">Tsch\u00fcss, Finanzchaos: In acht Wochen erkl\u00e4ren wir Schritt f\u00fcr Schritt, wie Sie bessere Geldroutinen aufbauen und das mit den ETFs endlich angehen. Anschlie\u00dfend erhalten Sie unseren Geld-Newsletter mit den besten Artikeln rund um Finanzen.<\/p>\n<p class=\"newsletter-signup__datapolicy\" hidden=\"\">\n            Mit Ihrer Registrierung nehmen Sie die <a href=\"https:\/\/datenschutz.zeit.de\/zon#Newsletter\" target=\"_blank\" rel=\"nofollow noopener\">Datenschutzerkl\u00e4rung<\/a> zur Kenntnis.\n        <\/p>\n<p>    Vielen Dank! Wir haben Ihnen eine E-Mail geschickt.<\/p>\n<p>Pr\u00fcfen Sie Ihr Postfach und best\u00e4tigen Sie das Newsletter-Abonnement.<\/p>\n<p class=\"paragraph article__item\">Es ist ungew\u00f6hnlich, aber nicht beispiellos, dass ein ehemaliger<br \/>\nFed-Chef im Gouverneursrat weitermacht. Powell k\u00f6nnte dort bis 2028 bleiben. Trumps Finanzminister Scott Bessent<br \/>\nsagte jedoch im Sender Fox Business, Powells Verbleib sei ein \u00bbVersto\u00df\u00ab<br \/>\ngegen die Regeln der Fed und eine \u00bbBeleidigung\u00ab f\u00fcr Warsh.\n<\/p>\n<p>        Fed bel\u00e4sst Leitzins zum dritten Mal in Folge unver\u00e4ndert        <\/p>\n<p class=\"paragraph article__item\">Trump hatte Powell in der Vergangenheit wiederholt unter Druck gesetzt,\u00a0<a href=\"https:\/\/www.zeit.de\/wirtschaft\/2026-01\/jerome-powell-donald-trump-nachfolge\" target=\"_blank\" rel=\"nofollow noopener\">monatelang \u00f6ffentlich attackiert<\/a> und f\u00fcr aus seiner Sicht zu z\u00f6gerliche Zinssenkungen verantwortlich gemacht. Das US-Justizministerium hatte zudem ein Strafverfahren gegen Powell eingeleitet wegen angeblich ausufernder Renovierungskosten am Fed-Hauptsitz in Washington, D. C.\u00a0\n<\/p>\n<p class=\"paragraph article__item\">Bezirksstaatsanw\u00e4ltin Jeanine Pirro hatte <a href=\"https:\/\/www.zeit.de\/politik\/ausland\/2026-04\/federal-reserve-jerome-powell-justizministerium-renovierung-washington-dc\" target=\"_blank\" rel=\"nofollow noopener\">vergangene Woche aber angek\u00fcndigt<\/a>, das Verfahren einzustellen. Powell best\u00e4tigte, auch das Justizministerium werde von einer Wiederaufnahme der Ermittlungen und neuen Vorladungen absehen. Er selbst hatte die Ermittlungen zuvor als Vorwand bezeichnet, um ihn zinspolitisch unter Druck zu setzen.\u00a0\n<\/p>\n<p class=\"paragraph article__item\">Vor seiner Rede hatte die Fed den US-Leitzins <a href=\"https:\/\/www.zeit.de\/wirtschaft\/2026-04\/us-notenbank-federal-reserve-leitzins-unveraendert-energiekrise\" target=\"_blank\" rel=\"nofollow noopener\">zum dritten Mal in Folge in der Spanne von 3,50 bis 3,75 Prozent belassen<\/a>. Powells designierter Nachfolger Kevin Warsh nahm am selben Tag die erste H\u00fcrde im Best\u00e4tigungsverfahren im Senat. Die Zustimmung des republikanisch dominierten Plenums gilt als Formsache.\n<\/p>\n<p>Mehr zum Thema <\/p>\n<p>                <a href=\"https:\/\/www.zeit.de\/wirtschaft\/2026-01\/jerome-powell-donald-trump-nachfolge\" data-ct-label=\"Jerome Powell: Ikone des Widerstands\" data-uuid=\"e0b2a0ac-d427-4ea4-93e0-1f10a7999806\" rel=\"nofollow noopener\" target=\"_blank\"><\/p>\n<p>        Z+ (abopflichtiger Inhalt);<\/p>\n<p>    Jerome Powell:<br \/>\n                        Ikone des Widerstands<\/p>\n<p>                <\/a><\/p>\n<p>                <a href=\"https:\/\/www.zeit.de\/wirtschaft\/2026-01\/kevin-warsh-fed-us-notenbank-donald-trump\" data-ct-label=\"Kevin Warsh: Der gez\u00e4hmte Falke\" data-uuid=\"2c4c500e-e14d-4f39-a761-aedffe4d9aa2\" rel=\"nofollow noopener\" target=\"_blank\"><\/p>\n<p>        Z+ (abopflichtiger Inhalt);<\/p>\n<p>    Kevin Warsh:<br \/>\n                        Der gez\u00e4hmte Falke<\/p>\n<p>                <\/a><\/p>\n<p>                <a href=\"https:\/\/www.zeit.de\/kultur\/2026-01\/fed-chef-jerome-powell-donald-trump-zinsen-us-notenbank\" data-ct-label=\"Fed-Chef: Aus der Kulisse schreit Trump\" data-uuid=\"a899bbe5-b6f1-4543-87f6-9569ad6c1832\" rel=\"nofollow noopener\" target=\"_blank\"><\/p>\n<p>        Z+ (abopflichtiger Inhalt);<\/p>\n<p>    Fed-Chef:<br \/>\n                        Aus der Kulisse schreit Trump<\/p>\n<p>                <\/a><\/p>\n","protected":false},"excerpt":{"rendered":"Der scheidende Chef der US-Notenbank Federal Reserve, Jerome Powell, hat die juristischen Angriffe der Trump-Regierung gegen die Notenbank&hellip;\n","protected":false},"author":2,"featured_media":983413,"comment_status":"","ping_status":"","sticky":false,"template":"","format":"standard","meta":{"footnotes":"","_share_on_mastodon":"0"},"categories":[134],"tags":[2860,2140,175,170,169,29,11397,30,19654,171,174,173,172,24322,55],"class_list":["post-983412","post","type-post","status-publish","format-standard","has-post-thumbnail","category-unternehmen-maerkte","tag-amtszeit","tag-angriff","tag-business","tag-companies","tag-companies-markets","tag-deutschland","tag-fed","tag-germany","tag-jerome-powell","tag-markets","tag-maerkte","tag-unternehmen","tag-unternehmen-maerkte","tag-us-notenbank","tag-wirtschaft"],"share_on_mastodon":{"url":"https:\/\/pubeurope.com\/@de\/116491518572106512","error":""},"_links":{"self":[{"href":"https:\/\/www.europesays.com\/de\/wp-json\/wp\/v2\/posts\/983412","targetHints":{"allow":["GET"]}}],"collection":[{"href":"https:\/\/www.europesays.com\/de\/wp-json\/wp\/v2\/posts"}],"about":[{"href":"https:\/\/www.europesays.com\/de\/wp-json\/wp\/v2\/types\/post"}],"author":[{"embeddable":true,"href":"https:\/\/www.europesays.com\/de\/wp-json\/wp\/v2\/users\/2"}],"replies":[{"embeddable":true,"href":"https:\/\/www.europesays.com\/de\/wp-json\/wp\/v2\/comments?post=983412"}],"version-history":[{"count":0,"href":"https:\/\/www.europesays.com\/de\/wp-json\/wp\/v2\/posts\/983412\/revisions"}],"wp:featuredmedia":[{"embeddable":true,"href":"https:\/\/www.europesays.com\/de\/wp-json\/wp\/v2\/media\/983413"}],"wp:attachment":[{"href":"https:\/\/www.europesays.com\/de\/wp-json\/wp\/v2\/media?parent=983412"}],"wp:term":[{"taxonomy":"category","embeddable":true,"href":"https:\/\/www.europesays.com\/de\/wp-json\/wp\/v2\/categories?post=983412"},{"taxonomy":"post_tag","embeddable":true,"href":"https:\/\/www.europesays.com\/de\/wp-json\/wp\/v2\/tags?post=983412"}],"curies":[{"name":"wp","href":"https:\/\/api.w.org\/{rel}","templated":true}]}}