{"id":983425,"date":"2026-04-30T03:33:15","date_gmt":"2026-04-30T03:33:15","guid":{"rendered":"https:\/\/www.europesays.com\/de\/983425\/"},"modified":"2026-04-30T03:33:15","modified_gmt":"2026-04-30T03:33:15","slug":"ausreisezentrum-in-braunschweig-bislang-ungenutzt","status":"publish","type":"post","link":"https:\/\/www.europesays.com\/de\/983425\/","title":{"rendered":"Ausreisezentrum in Braunschweig bislang ungenutzt"},"content":{"rendered":"<p>Niedersachsens Ausreisezentrum f\u00fcr ausreisepflichtige Ausl\u00e4nder in Braunschweig ist seit seiner Einrichtung im Juli 2025 bislang nicht genutzt worden. Es seien dort noch keine Menschen aufgenommen worden, sagte Innenministerin Daniela Behrens (SPD) im Landtag. <\/p>\n<p>Hintergrund sei, dass die Gerichte inzwischen h\u00e4ufiger Abschiebehaft oder Ausreisegewahrsam anordneten. In dem Ausreisezentrum sollen dagegen Menschen untergebracht werden, die sich einer R\u00fcckf\u00fchrung entzogen haben, aber nicht in Haft oder Gewahrsam genommen werden k\u00f6nnen. Das sollte zu konsequenteren Abschiebungen f\u00fchren. <\/p>\n<p>              &#13;<br \/>\n                16-J\u00e4hrige get\u00f6tet \u2013 Tat l\u00f6st politische Debatte aus <\/p>\n<p>Innenministerin Behrens \u00e4u\u00dferte sich zu dem Zentrum auf eine Anfrage der CDU im Landtag, die nach Konsequenzen aus dem Fall der in Friedland get\u00f6teten 16-j\u00e4hrigen Liana gefragt hatte. Die CDU fordert vor dem Hintergrund dieser Tat die Einrichtung eines sogenannten sekund\u00e4ren Migrationszentrums in Niedersachsen. Ein solches Zentrum soll die oft langwierige \u00dcberstellung von Asylsuchenden in das jeweils zust\u00e4ndige EU-Land beschleunigen. <\/p>\n<p>Die 16-j\u00e4hrige Liana war nach \u00dcberzeugung des Landgerichts G\u00f6ttingen am Bahnhof Friedland von einem 31 Jahre alten Iraker vor einen durchfahrenden Zug gesto\u00dfen worden. Gegen den Mann hatte zum Zeitpunkt der Tat eine vollstreckbare Abschiebeanordnung nach Litauen vorgelegen. Das Gericht ordnete jetzt seine Unterbringung in einem psychiatrischen Krankenhaus an. Ein Gutachter hatte bei ihm eine paranoide Schizophrenie diagnostiziert.\u00a0 <\/p>\n<p>Problemf\u00e4lle\u00a0 <\/p>\n<p>Behrens zufolge erfasste eine zentrale Meldestelle f\u00fcr verhaltensauff\u00e4llige oder psychisch erkrankte Gefl\u00fcchtete seit Ende 2025 insgesamt 67 F\u00e4lle. 38 davon seien abgeschlossen worden, dabei habe es 10 R\u00fcckf\u00fchrungen und 12 Verteilungen gegeben. In 15 F\u00e4llen seien die Betroffenen an einen unbekannten Ort verschwunden; entsprechende Ma\u00dfnahmen wie Ausschreibungen zur Haft oder zur Aufenthaltsermittlung seien eingeleitet worden. <\/p>\n","protected":false},"excerpt":{"rendered":"Niedersachsens Ausreisezentrum f\u00fcr ausreisepflichtige Ausl\u00e4nder in Braunschweig ist seit seiner Einrichtung im Juli 2025 bislang nicht genutzt worden.&hellip;\n","protected":false},"author":2,"featured_media":983426,"comment_status":"","ping_status":"","sticky":false,"template":"","format":"standard","meta":{"footnotes":"","_share_on_mastodon":"0"},"categories":[1850],"tags":[6429,3364,29,548,663,3934,33780,30,13,1985,382,14,15,1411,12],"class_list":["post-983425","post","type-post","status-publish","format-standard","has-post-thumbnail","category-braunschweig","tag-braunschweig","tag-de","tag-deutschland","tag-eu","tag-europa","tag-europe","tag-flchtling","tag-germany","tag-headlines","tag-landtag","tag-migration","tag-nachrichten","tag-news","tag-niedersachsen","tag-schlagzeilen"],"share_on_mastodon":{"url":"https:\/\/pubeurope.com\/@de\/116491557807445994","error":""},"_links":{"self":[{"href":"https:\/\/www.europesays.com\/de\/wp-json\/wp\/v2\/posts\/983425","targetHints":{"allow":["GET"]}}],"collection":[{"href":"https:\/\/www.europesays.com\/de\/wp-json\/wp\/v2\/posts"}],"about":[{"href":"https:\/\/www.europesays.com\/de\/wp-json\/wp\/v2\/types\/post"}],"author":[{"embeddable":true,"href":"https:\/\/www.europesays.com\/de\/wp-json\/wp\/v2\/users\/2"}],"replies":[{"embeddable":true,"href":"https:\/\/www.europesays.com\/de\/wp-json\/wp\/v2\/comments?post=983425"}],"version-history":[{"count":0,"href":"https:\/\/www.europesays.com\/de\/wp-json\/wp\/v2\/posts\/983425\/revisions"}],"wp:featuredmedia":[{"embeddable":true,"href":"https:\/\/www.europesays.com\/de\/wp-json\/wp\/v2\/media\/983426"}],"wp:attachment":[{"href":"https:\/\/www.europesays.com\/de\/wp-json\/wp\/v2\/media?parent=983425"}],"wp:term":[{"taxonomy":"category","embeddable":true,"href":"https:\/\/www.europesays.com\/de\/wp-json\/wp\/v2\/categories?post=983425"},{"taxonomy":"post_tag","embeddable":true,"href":"https:\/\/www.europesays.com\/de\/wp-json\/wp\/v2\/tags?post=983425"}],"curies":[{"name":"wp","href":"https:\/\/api.w.org\/{rel}","templated":true}]}}