{"id":983459,"date":"2026-04-30T03:57:16","date_gmt":"2026-04-30T03:57:16","guid":{"rendered":"https:\/\/www.europesays.com\/de\/983459\/"},"modified":"2026-04-30T03:57:16","modified_gmt":"2026-04-30T03:57:16","slug":"binnenmarkt-roadmap-ein-europa-drei-geschwindigkeiten-table-briefings","status":"publish","type":"post","link":"https:\/\/www.europesays.com\/de\/983459\/","title":{"rendered":"Binnenmarkt-Roadmap: Ein Europa, drei Geschwindigkeiten \u2022 Table.Briefings"},"content":{"rendered":"<p class=\"text-base md:text-xl font-semibold text-gray-700 leading-relaxed\">\n                Die Roadmap One Europe, One Market k\u00f6nnte die Idee einer EU mit verschiedenen Geschwindigkeiten nun wirklich umsetzen. Zwar \u00fcberrascht der Fahrplan inhaltlich nicht, aber seine Umsetzung: Die drei EU-Institutionen \u00fcberwachen gemeinsam Fortschritte, der Zeitplan ist verbindlich, messbar und straff, argumentiert der Politikwissenschaftler.\n            <\/p>\n<p>\n                            30. April 2026\n                        <\/p>\n<p>\n                Empf\u00e4nger ben\u00f6tigen ein Abo zum Lesen\n            <\/p>\n<p>\n                        30. April 2026\n                    <\/p>\n<p>\n                Empf\u00e4nger ben\u00f6tigen ein Abo zum Lesen\n            <\/p>\n<p>    <img loading=\"lazy\" decoding=\"async\" src=\"https:\/\/www.europesays.com\/de\/wp-content\/uploads\/2026\/04\/marc-de-vos.jpg\" alt=\"Marc De Vos ist Co-CEO des in Br\u00fcssel ans\u00e4ssigen Itinera.\" width=\"1024\" height=\"682\" class=\"w-full md:h-auto print:h-auto object-cover rounded-lg\"\/><\/p>\n<p>        Marc De Vos ist Co-CEO des in Br\u00fcssel ans\u00e4ssigen Thinktanks Itinera. (itinera)    <\/p>\n<p class=\"mt-12 text-sm text-gray-600\">\n            Letzte Aktualisierung: 30. April 2026\n        <\/p>\n<p>            Artikel teilen:<\/p>\n<p>\n                Empf\u00e4nger ben\u00f6tigen ein Abo zum Lesen\n            <\/p>\n","protected":false},"excerpt":{"rendered":"Die Roadmap One Europe, One Market k\u00f6nnte die Idee einer EU mit verschiedenen Geschwindigkeiten nun wirklich umsetzen. Zwar&hellip;\n","protected":false},"author":2,"featured_media":983460,"comment_status":"","ping_status":"","sticky":false,"template":"","format":"standard","meta":{"footnotes":"","_share_on_mastodon":"0"},"categories":[3933],"tags":[331,332,548,119674,663,9865,57394,158,73282,1560,3934,3935,13,14,15,12],"class_list":["post-983459","post","type-post","status-publish","format-standard","has-post-thumbnail","category-eu","tag-aktuelle-nachrichten","tag-aktuelle-news","tag-eu","tag-eu-binnenmarkt","tag-europa","tag-europaeische-kommission","tag-europaeische-souveraenitaet","tag-europaeische-union","tag-europaeischer-rat","tag-europaeisches-parlament","tag-europe","tag-european-union","tag-headlines","tag-nachrichten","tag-news","tag-schlagzeilen"],"share_on_mastodon":{"url":"https:\/\/pubeurope.com\/@de\/116491653265232754","error":""},"_links":{"self":[{"href":"https:\/\/www.europesays.com\/de\/wp-json\/wp\/v2\/posts\/983459","targetHints":{"allow":["GET"]}}],"collection":[{"href":"https:\/\/www.europesays.com\/de\/wp-json\/wp\/v2\/posts"}],"about":[{"href":"https:\/\/www.europesays.com\/de\/wp-json\/wp\/v2\/types\/post"}],"author":[{"embeddable":true,"href":"https:\/\/www.europesays.com\/de\/wp-json\/wp\/v2\/users\/2"}],"replies":[{"embeddable":true,"href":"https:\/\/www.europesays.com\/de\/wp-json\/wp\/v2\/comments?post=983459"}],"version-history":[{"count":0,"href":"https:\/\/www.europesays.com\/de\/wp-json\/wp\/v2\/posts\/983459\/revisions"}],"wp:featuredmedia":[{"embeddable":true,"href":"https:\/\/www.europesays.com\/de\/wp-json\/wp\/v2\/media\/983460"}],"wp:attachment":[{"href":"https:\/\/www.europesays.com\/de\/wp-json\/wp\/v2\/media?parent=983459"}],"wp:term":[{"taxonomy":"category","embeddable":true,"href":"https:\/\/www.europesays.com\/de\/wp-json\/wp\/v2\/categories?post=983459"},{"taxonomy":"post_tag","embeddable":true,"href":"https:\/\/www.europesays.com\/de\/wp-json\/wp\/v2\/tags?post=983459"}],"curies":[{"name":"wp","href":"https:\/\/api.w.org\/{rel}","templated":true}]}}