{"id":983480,"date":"2026-04-30T04:09:15","date_gmt":"2026-04-30T04:09:15","guid":{"rendered":"https:\/\/www.europesays.com\/de\/983480\/"},"modified":"2026-04-30T04:09:15","modified_gmt":"2026-04-30T04:09:15","slug":"bauarbeiten-bremsen-nahverkehr-zwischen-hamburg-und-hannover","status":"publish","type":"post","link":"https:\/\/www.europesays.com\/de\/983480\/","title":{"rendered":"Bauarbeiten bremsen Nahverkehr zwischen Hamburg und Hannover"},"content":{"rendered":"<p>    &#13;<br \/>\n      30.04.2026, 05:04 \/ Lesedauer: ca. 2min \u00d6PNV <\/p>\n<p class=\"intro\">Wer zwischen Hamburg und Hannover mit dem Metronom f\u00e4hrt, muss mit l\u00e4ngeren Reisezeiten rechnen. Worauf sich Reisende ab n\u00e4chstem Monat einstellen m\u00fcssen. <\/p>\n<p>      &#13;<br \/>\n        <img decoding=\"async\"   src=\"https:\/\/www.europesays.com\/de\/wp-content\/uploads\/2026\/04\/wegen-bauarbeiten-muessen-sich-fahrgaeste-auf-der-strecke-1189549.jpg\" title=\"Bauarbeiten bremsen Nahverkehr zwischen Hamburg und Hannover \" alt=\"Wegen Bauarbeiten m\u00fcssen sich Fahrg\u00e4ste auf der Strecke Hamburg\u2013Hannover ab Mai auf Einschr\u00e4nkungen einstellen. (Symbolbild)  Foto: Julian Stratenschulte\/dpa\" class=\"img-responsive\"\/>&#13;<\/p>\n<p class=\"image-credit\">&#13;<br \/>\n\t\t\t\t\t\u00a9 Julian Stratenschulte\/dpa<\/p>\n<p>&#13;<br \/>\n        &#13;<br \/>\n        &#13;<\/p>\n<p>Wegen Bauarbeiten m\u00fcssen sich Fahrg\u00e4ste auf der Strecke Hamburg\u2013Hannover ab Mai auf Einschr\u00e4nkungen einstellen. (Symbolbild)  Foto: Julian Stratenschulte\/dpa <\/p>\n<p>&#13;<\/p>\n<p class=\"image-credit\">&#13;<br \/>\n\t\t\t\t\t\t\t\u00a9 Julian Stratenschulte\/dpa<\/p>\n<p>&#13;<br \/>\n        &#13;<\/p>\n<p class=\"author\">&#13;<br \/>\n      Von dpa<\/p>\n","protected":false},"excerpt":{"rendered":"&#13; 30.04.2026, 05:04 \/ Lesedauer: ca. 2min \u00d6PNV Wer zwischen Hamburg und Hannover mit dem Metronom f\u00e4hrt, muss&hellip;\n","protected":false},"author":2,"featured_media":983481,"comment_status":"","ping_status":"","sticky":false,"template":"","format":"standard","meta":{"footnotes":"","_share_on_mastodon":"0"},"categories":[1836],"tags":[21005,1739,2420,3364,29,30,692,46,5544,1411,601],"class_list":["post-983480","post","type-post","status-publish","format-standard","has-post-thumbnail","category-hannover","tag-pnv","tag-bahn","tag-bremen","tag-de","tag-deutschland","tag-germany","tag-hamburg","tag-hannover","tag-infrastruktur","tag-niedersachsen","tag-verkehr"],"share_on_mastodon":{"url":"","error":""},"_links":{"self":[{"href":"https:\/\/www.europesays.com\/de\/wp-json\/wp\/v2\/posts\/983480","targetHints":{"allow":["GET"]}}],"collection":[{"href":"https:\/\/www.europesays.com\/de\/wp-json\/wp\/v2\/posts"}],"about":[{"href":"https:\/\/www.europesays.com\/de\/wp-json\/wp\/v2\/types\/post"}],"author":[{"embeddable":true,"href":"https:\/\/www.europesays.com\/de\/wp-json\/wp\/v2\/users\/2"}],"replies":[{"embeddable":true,"href":"https:\/\/www.europesays.com\/de\/wp-json\/wp\/v2\/comments?post=983480"}],"version-history":[{"count":0,"href":"https:\/\/www.europesays.com\/de\/wp-json\/wp\/v2\/posts\/983480\/revisions"}],"wp:featuredmedia":[{"embeddable":true,"href":"https:\/\/www.europesays.com\/de\/wp-json\/wp\/v2\/media\/983481"}],"wp:attachment":[{"href":"https:\/\/www.europesays.com\/de\/wp-json\/wp\/v2\/media?parent=983480"}],"wp:term":[{"taxonomy":"category","embeddable":true,"href":"https:\/\/www.europesays.com\/de\/wp-json\/wp\/v2\/categories?post=983480"},{"taxonomy":"post_tag","embeddable":true,"href":"https:\/\/www.europesays.com\/de\/wp-json\/wp\/v2\/tags?post=983480"}],"curies":[{"name":"wp","href":"https:\/\/api.w.org\/{rel}","templated":true}]}}