{"id":983482,"date":"2026-04-30T04:10:27","date_gmt":"2026-04-30T04:10:27","guid":{"rendered":"https:\/\/www.europesays.com\/de\/983482\/"},"modified":"2026-04-30T04:10:27","modified_gmt":"2026-04-30T04:10:27","slug":"kabinett-will-behoerden-fusionieren-und-aufgaben-buendeln","status":"publish","type":"post","link":"https:\/\/www.europesays.com\/de\/983482\/","title":{"rendered":"Kabinett will Beh\u00f6rden fusionieren und Aufgaben b\u00fcndeln"},"content":{"rendered":"<p>Weniger Beh\u00f6rden, schnellere Entscheidungen: Sachsens Regierung will den Verwaltungsapparat radikal umbauen. Ziel sind weniger Personal und weniger Kosten bei mehr Effizienz.<\/p>\n<p>Mit einem Modernisierungspaket will Sachsens Staatsregierung Beh\u00f6rden im Freistaat verschlanken und effizienter aufstellen. Konkret sollten \u00abSchnittstellen\u00bb wegfallen, Aufgaben geb\u00fcndelt und Beh\u00f6rden zusammengelegt werden, um mit weniger Personal und finanziellen Ressourcen auszukommen und effizienter zu arbeiten, sagte Ministerpr\u00e4sident Michael Kretschmer (CDU) im Rahmen der Kabinettspressekonferenz in Dresden. \u00abWir m\u00fcssen Prozesse ver\u00e4ndern, wir brauchen Aufgabenverzicht, wir m\u00fcssen die Dinge intelligenter machen\u00bb, so der Regierungschef. Das Paket sei auch eine Reaktion auf den erwarteten Bev\u00f6lkerungsr\u00fcckgang im Land.\u00a0<\/p>\n<p>Konkret sehen die Ma\u00dfnahmen die Zusammenlegung mehrerer Landesbeh\u00f6rden vor &#8211; etwa im Bereich Stra\u00dfenbau und Verkehr, Arch\u00e4ologie und Denkmalschutz und Wirtschaftsf\u00f6rderung. Die Landesdirektion soll als zentrale Vollzugsbeh\u00f6rde mit mehr Kompetenzen ausgestattet werden. Verwaltungsverfahren sollen vereinfacht und Pr\u00fcfanforderungen gesenkt werden. \u00abDas ist auch eine Vertrauensfrage, aber es ist auch eine Frage von Personalressourcen, die wir einsparen, wenn wir weniger Widerspruchsverfahren haben\u00bb, so Kretschmer.\u00a0<\/p>\n","protected":false},"excerpt":{"rendered":"Weniger Beh\u00f6rden, schnellere Entscheidungen: Sachsens Regierung will den Verwaltungsapparat radikal umbauen. Ziel sind weniger Personal und weniger Kosten&hellip;\n","protected":false},"author":2,"featured_media":983483,"comment_status":"","ping_status":"","sticky":false,"template":"","format":"standard","meta":{"footnotes":"","_share_on_mastodon":"0"},"categories":[1835],"tags":[38227,3364,29,2386,1721,30,5027,16,859,17075],"class_list":["post-983482","post","type-post","status-publish","format-standard","has-post-thumbnail","category-dresden","tag-behrden","tag-de","tag-deutschland","tag-dresden","tag-finanzen","tag-germany","tag-kommune","tag-politik","tag-sachsen","tag-verwaltung"],"share_on_mastodon":{"url":"https:\/\/pubeurope.com\/@de\/116491703368411477","error":""},"_links":{"self":[{"href":"https:\/\/www.europesays.com\/de\/wp-json\/wp\/v2\/posts\/983482","targetHints":{"allow":["GET"]}}],"collection":[{"href":"https:\/\/www.europesays.com\/de\/wp-json\/wp\/v2\/posts"}],"about":[{"href":"https:\/\/www.europesays.com\/de\/wp-json\/wp\/v2\/types\/post"}],"author":[{"embeddable":true,"href":"https:\/\/www.europesays.com\/de\/wp-json\/wp\/v2\/users\/2"}],"replies":[{"embeddable":true,"href":"https:\/\/www.europesays.com\/de\/wp-json\/wp\/v2\/comments?post=983482"}],"version-history":[{"count":0,"href":"https:\/\/www.europesays.com\/de\/wp-json\/wp\/v2\/posts\/983482\/revisions"}],"wp:featuredmedia":[{"embeddable":true,"href":"https:\/\/www.europesays.com\/de\/wp-json\/wp\/v2\/media\/983483"}],"wp:attachment":[{"href":"https:\/\/www.europesays.com\/de\/wp-json\/wp\/v2\/media?parent=983482"}],"wp:term":[{"taxonomy":"category","embeddable":true,"href":"https:\/\/www.europesays.com\/de\/wp-json\/wp\/v2\/categories?post=983482"},{"taxonomy":"post_tag","embeddable":true,"href":"https:\/\/www.europesays.com\/de\/wp-json\/wp\/v2\/tags?post=983482"}],"curies":[{"name":"wp","href":"https:\/\/api.w.org\/{rel}","templated":true}]}}