{"id":983676,"date":"2026-04-30T05:58:27","date_gmt":"2026-04-30T05:58:27","guid":{"rendered":"https:\/\/www.europesays.com\/de\/983676\/"},"modified":"2026-04-30T05:58:27","modified_gmt":"2026-04-30T05:58:27","slug":"mutmasslicher-russland-spion-in-berlin-festgenommen-3","status":"publish","type":"post","link":"https:\/\/www.europesays.com\/de\/983676\/","title":{"rendered":"Mutmasslicher Russland-Spion in Berlin festgenommen"},"content":{"rendered":"<p>    <img src=\"https:\/\/www.europesays.com\/de\/wp-content\/uploads\/2026\/04\/fac6d7a1e0572b529c18e01a91a8184d4df56cd2-91334023.jpg\" width=\"1400\" height=\"1050\" alt=\"\" loading=\"eager\" decoding=\"sync\" fetchpriority=\"high\"\/><\/p>\n<p>            Keystone-SDA        <\/p>\n<p>        In Berlin ist ein mutmasslicher Spion festgenommen worden, der f\u00fcr Russland t\u00e4tig gewesen sein soll.\n<\/p>\n<p>        Dieser Inhalt wurde am ver\u00f6ffentlicht    <\/p>\n<p>        29. April 2026 &#8211; 10:21\n<\/p>\n<p> (Keystone-SDA) Der Mann habe \u00absp\u00e4testens seit Mai 2025 von Deutschland aus fortlaufend in Kontakt zu einem russischen Geheimdienst\u00bb gestanden, teilte die Bundesanwaltschaft, Deutschlands oberste Anklagebeh\u00f6rde, mit.<\/p>\n<p>Seinem F\u00fchrungsoffizier \u00fcbermittelte der kasachische Mann den Angaben zufolge unter anderem Informationen \u00fcber die milit\u00e4rische Unterst\u00fctzung Deutschlands f\u00fcr die Ukraine sowie \u00fcber die deutsche R\u00fcstungs- und Verteidigungsindustrie. Dabei soll es insbesondere um Unternehmen gegangen sein, die Drohnen und Roboter entwickeln.<\/p>\n<p>Fotos aus Berlin und Rekrutierung f\u00fcr Sabotagetruppe?<\/p>\n<p>Ausserdem soll der Verd\u00e4chtige wiederholt Fotos von \u00f6ffentlichen Geb\u00e4uden in Berlin und von milit\u00e4rischen Konvois auf Autobahnen weitergeleitet haben \u2013 darunter auch vom \u00abKonvoi eines Nato-Staates\u00bb. Seinen Kontaktmann beim russischen Geheimdienst soll er zudem \u00fcber geeignete Sabotageobjekte in Deutschland informiert und angeboten haben, Personen f\u00fcr eine Sabotage- und Spionagetruppe zu rekrutieren.<\/p>\n<p>Der mutmassliche Spion wurde am Dienstag in Berlin von Beamten des Bundeskriminalamts festgenommen. Er soll heute dem Ermittlungsrichter des Bundesgerichtshofs vorgef\u00fchrt werden, der ihm den Haftbefehl er\u00f6ffnet und \u00fcber die Untersuchungshaft entscheidet.<\/p>\n","protected":false},"excerpt":{"rendered":"Keystone-SDA In Berlin ist ein mutmasslicher Spion festgenommen worden, der f\u00fcr Russland t\u00e4tig gewesen sein soll. Dieser Inhalt&hellip;\n","protected":false},"author":2,"featured_media":983677,"comment_status":"","ping_status":"","sticky":false,"template":"","format":"standard","meta":{"footnotes":"","_share_on_mastodon":"0"},"categories":[1825],"tags":[296,29,30,2706],"class_list":["post-983676","post","type-post","status-publish","format-standard","has-post-thumbnail","category-berlin","tag-berlin","tag-deutschland","tag-germany","tag-ticker"],"share_on_mastodon":{"url":"https:\/\/pubeurope.com\/@de\/116492128833980380","error":""},"_links":{"self":[{"href":"https:\/\/www.europesays.com\/de\/wp-json\/wp\/v2\/posts\/983676","targetHints":{"allow":["GET"]}}],"collection":[{"href":"https:\/\/www.europesays.com\/de\/wp-json\/wp\/v2\/posts"}],"about":[{"href":"https:\/\/www.europesays.com\/de\/wp-json\/wp\/v2\/types\/post"}],"author":[{"embeddable":true,"href":"https:\/\/www.europesays.com\/de\/wp-json\/wp\/v2\/users\/2"}],"replies":[{"embeddable":true,"href":"https:\/\/www.europesays.com\/de\/wp-json\/wp\/v2\/comments?post=983676"}],"version-history":[{"count":0,"href":"https:\/\/www.europesays.com\/de\/wp-json\/wp\/v2\/posts\/983676\/revisions"}],"wp:featuredmedia":[{"embeddable":true,"href":"https:\/\/www.europesays.com\/de\/wp-json\/wp\/v2\/media\/983677"}],"wp:attachment":[{"href":"https:\/\/www.europesays.com\/de\/wp-json\/wp\/v2\/media?parent=983676"}],"wp:term":[{"taxonomy":"category","embeddable":true,"href":"https:\/\/www.europesays.com\/de\/wp-json\/wp\/v2\/categories?post=983676"},{"taxonomy":"post_tag","embeddable":true,"href":"https:\/\/www.europesays.com\/de\/wp-json\/wp\/v2\/tags?post=983676"}],"curies":[{"name":"wp","href":"https:\/\/api.w.org\/{rel}","templated":true}]}}