{"id":983786,"date":"2026-04-30T07:00:16","date_gmt":"2026-04-30T07:00:16","guid":{"rendered":"https:\/\/www.europesays.com\/de\/983786\/"},"modified":"2026-04-30T07:00:16","modified_gmt":"2026-04-30T07:00:16","slug":"wege-im-nachoder-waeldchen-endlich-saniert-stadt-lehnt-sicheren-uebergang-aber-weiter-ab","status":"publish","type":"post","link":"https:\/\/www.europesays.com\/de\/983786\/","title":{"rendered":"Wege im Nachoder W\u00e4ldchen endlich saniert: Stadt lehnt sicheren \u00dcbergang aber weiter ab"},"content":{"rendered":"<p>\t\tWege im Nachoder W\u00e4ldchen endlich saniert<br \/>\n\t\t\t\t\tStadt lehnt sicheren \u00dcbergang aber weiter ab<\/p>\n<p>\t\t<img alt=\"\" src=\"https:\/\/www.europesays.com\/de\/wp-content\/uploads\/2025\/05\/630_0036_48786_.jpg\"  class=\"avatar avatar-36 photo avatar-default\" height=\"36\" width=\"36\" loading=\"eager\" decoding=\"async\"\/>\t\t<a class=\"article-author__name\" href=\"https:\/\/www.ruhrnachrichten.de\/author\/andreas-schroeter\/\" rel=\"author nofollow noopener\" target=\"_blank\">Andreas Schr\u00f6ter<\/a><br \/>\n\t\tRedakteur<\/p>\n<p>    <a href=\"https:\/\/www.ruhrnachrichten.de\/wp-content\/uploads\/2026\/04\/28\/13\/630_0900_6106044_-1648x824.jpg\" rel=\"nofollow noopener\" target=\"_blank\"><\/p>\n<p>            <img loading=\"lazy\" decoding=\"async\" src=\"https:\/\/www.europesays.com\/de\/wp-content\/uploads\/2026\/04\/630_0900_6106073_-640x428.jpg\" width=\"640\" height=\"428\"  alt=\"Die Wege im idyllisch gelegenen Nachoder W\u00e4ldchen in Eving sind saniert worden. \"\/><\/p>\n<p>    <\/a><br \/>\n    Die Wege im idyllisch gelegenen Nachoder W\u00e4ldchen in Eving sind saniert worden. \u00a9 Andreas Schr\u00f6ter<\/p>\n<p class=\"article__teaser-text\">Hinter der St.-Marienkirche sind die Wege im W\u00e4ldchen saniert. Einen Zebrastreifen oder eine Fu\u00dfg\u00e4ngerampel lehnt die Stadt aber weiter ab.<\/p>\n<p>2 Min Lesezeit<\/p>\n","protected":false},"excerpt":{"rendered":"Wege im Nachoder W\u00e4ldchen endlich saniert Stadt lehnt sicheren \u00dcbergang aber weiter ab Andreas Schr\u00f6ter Redakteur Die Wege&hellip;\n","protected":false},"author":2,"featured_media":983787,"comment_status":"","ping_status":"","sticky":false,"template":"","format":"standard","meta":{"footnotes":"","_share_on_mastodon":"0"},"categories":[1833],"tags":[3364,29,217,13484,30,1209,3587],"class_list":["post-983786","post","type-post","status-publish","format-standard","has-post-thumbnail","category-dortmund","tag-de","tag-deutschland","tag-dortmund","tag-eving","tag-germany","tag-nordrhein-westfalen","tag-verkehr-mobilitaet"],"share_on_mastodon":{"url":"https:\/\/pubeurope.com\/@de\/116492372916323339","error":""},"_links":{"self":[{"href":"https:\/\/www.europesays.com\/de\/wp-json\/wp\/v2\/posts\/983786","targetHints":{"allow":["GET"]}}],"collection":[{"href":"https:\/\/www.europesays.com\/de\/wp-json\/wp\/v2\/posts"}],"about":[{"href":"https:\/\/www.europesays.com\/de\/wp-json\/wp\/v2\/types\/post"}],"author":[{"embeddable":true,"href":"https:\/\/www.europesays.com\/de\/wp-json\/wp\/v2\/users\/2"}],"replies":[{"embeddable":true,"href":"https:\/\/www.europesays.com\/de\/wp-json\/wp\/v2\/comments?post=983786"}],"version-history":[{"count":0,"href":"https:\/\/www.europesays.com\/de\/wp-json\/wp\/v2\/posts\/983786\/revisions"}],"wp:featuredmedia":[{"embeddable":true,"href":"https:\/\/www.europesays.com\/de\/wp-json\/wp\/v2\/media\/983787"}],"wp:attachment":[{"href":"https:\/\/www.europesays.com\/de\/wp-json\/wp\/v2\/media?parent=983786"}],"wp:term":[{"taxonomy":"category","embeddable":true,"href":"https:\/\/www.europesays.com\/de\/wp-json\/wp\/v2\/categories?post=983786"},{"taxonomy":"post_tag","embeddable":true,"href":"https:\/\/www.europesays.com\/de\/wp-json\/wp\/v2\/tags?post=983786"}],"curies":[{"name":"wp","href":"https:\/\/api.w.org\/{rel}","templated":true}]}}