{"id":983792,"date":"2026-04-30T07:03:14","date_gmt":"2026-04-30T07:03:14","guid":{"rendered":"https:\/\/www.europesays.com\/de\/983792\/"},"modified":"2026-04-30T07:03:14","modified_gmt":"2026-04-30T07:03:14","slug":"schauspiel-leipzig-erfolgreiches-dreier-team-aus-magdeburg-uebernimmt-intendanz","status":"publish","type":"post","link":"https:\/\/www.europesays.com\/de\/983792\/","title":{"rendered":"Schauspiel Leipzig: erfolgreiches Dreier-Team aus Magdeburg \u00fcbernimmt Intendanz"},"content":{"rendered":"<p class=\"text\">\nDie neue Team-Intendanz am <a href=\"https:\/\/www.mdr.de\/nachrichten\/sachsen\/leipzig\/leipzig-leipzig-land\/theater-schauspiel-shakespeare-swift-kritik-kultur-news-100.html\" title=\"Leipzig: Shakespeare meets Taylor Swift \u2013 trotzdem entt\u00e4uscht das neue Theater St\u00fcck &quot;Was ihr\u2009wollt&quot;\" rel=\"nofollow noopener\" target=\"_blank\">Schauspiel Leipzig<\/a> ist nun offiziell best\u00e4tigt. In seiner Sitzung am Donnerstag hat der Leipziger Stadtrat mehrheitlich f\u00fcr Clara Weyde, Bastian Lomsch\u00e9 und Clemens Leander als Leitungstrio gestimmt. In der Sitzung zuvor hatte es dazu noch heftige Diskussionen gegeben. Angesichts der Haushaltslage gab es Zweifel, ob eine solche Leitung sinnvoll und finanzierbar ist.\n<\/p>\n<p class=\"text\">\nAb Sommer 2027 soll das Trio nun das st\u00e4dtische Theater gemeinsam als Teamintendanz f\u00fchren. Die neue Dreierspitze wechselt geschlossen vom Theater Magdeburg nach <a href=\"https:\/\/www.mdr.de\/kultur\/ausflug-tipps\/leipzig-sehenswuerdigkeiten-sightseeing-highlights-104.html\" title=\"Leipzig: Die 10 spannendsten Sehensw\u00fcrdigkeiten\" rel=\"nofollow noopener\" target=\"_blank\">Leipzig<\/a>. Unter der Schauspiel-Leitung von Clara Weyde, Bastian Lomsch\u00e9 und Clemens Leander war das <a href=\"https:\/\/www.mdr.de\/nachrichten\/sachsen\/deutscher-theaterpreis-faust-kultur-news-100.html\" title=\"&quot;Der Faust&quot; 2025: Renommierte Theaterpreise gehen nach Leipzig, Chemnitz und Magdeburg\" rel=\"nofollow noopener\" target=\"_blank\">Theater Magdeburg<\/a> im vergangenen Jahr als <a href=\"https:\/\/www.mdr.de\/nachrichten\/sachsen-anhalt\/magdeburg\/magdeburg\/theater-des-jahres-schauspiel-buehne-kultur-news-100.html\" title=\"Schauspiel Magdeburg zum &quot;Theater des Jahres&quot; gew\u00e4hlt\" rel=\"nofollow noopener\" target=\"_blank\">Theater des Jahres<\/a> in Deutschland ausgezeichnet worden.\n<\/p>\n<p>Klare Vision f\u00fcr ein zeitgem\u00e4\u00dfes Theater in Leipzig<\/p>\n<p class=\"text\">\nWie die Stadt Leipzig mitteilte, sollen alle drei jeweils Intendanten und Betriebsleiter des Schauspiels werden und zus\u00e4tzlich Aufgaben wie Regie, Chefdramaturgie und Kost\u00fcmbild \u00fcbernehmen, entsprechend ihrer professionellen Hintergr\u00fcnde.\n<\/p>\n<p class=\"text\">\nDie Regisseurin Clara Weyde hat unter anderem an der Schaub\u00fchne Berlin, am <a href=\"https:\/\/www.mdr.de\/nachrichten\/sachsen\/dresden\/dresden-radebeul\/hasko-weber-neuer-intendant-staatsschauspiel-dresden-kultur-news-100.html\" title=\"Von Weimar nach Sachsen: Hasko Weber wird Intendant am Staatsschauspiel Dresden\" rel=\"nofollow noopener\" target=\"_blank\">Staatsschauspiel Dresden<\/a> und am Schauspielhaus Graz inszeniert. Der Dramaturg und Autor Bastian Lomsch\u00e9 war zuvor am Deutschen Schauspielhaus Hamburg t\u00e4tig. Der Kost\u00fcmbildner Clemens Leander leitete die Kost\u00fcmabteilung am Theater an der Parkaue und arbeitete f\u00fcr die Salzburger Festspiele. Seit 2022 leiten sie als gleichberechtigtes Team die Schauspielsparte des Theaters Magdeburg.\n<\/p>\n<blockquote>\n<p class=\"text\">Mit dem Dreier-Team kann hier etwas wirklich Neues, Lebendiges entstehen.<\/p>\n<p>Skadi Jennicke, Leipziger Kulturb\u00fcrgermeisterin<\/p>\n<\/blockquote>\n<p class=\"text\">\nKulturb\u00fcrgermeisterin Skadi Jennicke erkl\u00e4rte im Zuge des Auswahlverfahrens zur Neubesetzung, das Team habe mit seinen programmatischen Ideen und k\u00fcnstlerischen Perspektiven \u00fcberzeugt. Erkennbar sei eine klare Vision von zeitgem\u00e4\u00dfer F\u00fchrung eines gro\u00dfen B\u00fchnenhauses ebenso wie ein pragmatischer Blick auf die begrenzten Ressourcen. &#8222;Mit dem Dreier-Team kann hier etwas wirklich Neues, Lebendiges entstehen&#8220;, so Jennicke.\n<\/p>\n<p class=\"text\">\nQuellen: MDR KULTUR, Schauspiel Leipzig, Theater Magdeburg<br \/>Redaktionelle Bearbeitung: lm, lig<\/p>\n","protected":false},"excerpt":{"rendered":"Die neue Team-Intendanz am Schauspiel Leipzig ist nun offiziell best\u00e4tigt. In seiner Sitzung am Donnerstag hat der Leipziger&hellip;\n","protected":false},"author":2,"featured_media":983793,"comment_status":"","ping_status":"","sticky":false,"template":"","format":"standard","meta":{"footnotes":"","_share_on_mastodon":"0"},"categories":[1832],"tags":[213076,213077,213075,3364,29,68578,30,122113,66,71,81,859,39955,213079,213078,213074],"class_list":["post-983792","post","type-post","status-publish","format-standard","has-post-thumbnail","category-leipzig","tag-bastian-lomsche","tag-clara-weyde","tag-clemens-leander","tag-de","tag-deutschland","tag-enrico-luebbe","tag-germany","tag-intendanz","tag-kulturnachrichten","tag-leipzig","tag-mdr","tag-sachsen","tag-schauspiel-leipzig","tag-skadi-jennike","tag-theater-des-jahres","tag-theater-magdeburg"],"share_on_mastodon":{"url":"https:\/\/pubeurope.com\/@de\/116492383562678649","error":""},"_links":{"self":[{"href":"https:\/\/www.europesays.com\/de\/wp-json\/wp\/v2\/posts\/983792","targetHints":{"allow":["GET"]}}],"collection":[{"href":"https:\/\/www.europesays.com\/de\/wp-json\/wp\/v2\/posts"}],"about":[{"href":"https:\/\/www.europesays.com\/de\/wp-json\/wp\/v2\/types\/post"}],"author":[{"embeddable":true,"href":"https:\/\/www.europesays.com\/de\/wp-json\/wp\/v2\/users\/2"}],"replies":[{"embeddable":true,"href":"https:\/\/www.europesays.com\/de\/wp-json\/wp\/v2\/comments?post=983792"}],"version-history":[{"count":0,"href":"https:\/\/www.europesays.com\/de\/wp-json\/wp\/v2\/posts\/983792\/revisions"}],"wp:featuredmedia":[{"embeddable":true,"href":"https:\/\/www.europesays.com\/de\/wp-json\/wp\/v2\/media\/983793"}],"wp:attachment":[{"href":"https:\/\/www.europesays.com\/de\/wp-json\/wp\/v2\/media?parent=983792"}],"wp:term":[{"taxonomy":"category","embeddable":true,"href":"https:\/\/www.europesays.com\/de\/wp-json\/wp\/v2\/categories?post=983792"},{"taxonomy":"post_tag","embeddable":true,"href":"https:\/\/www.europesays.com\/de\/wp-json\/wp\/v2\/tags?post=983792"}],"curies":[{"name":"wp","href":"https:\/\/api.w.org\/{rel}","templated":true}]}}