{"id":983809,"date":"2026-04-30T07:12:18","date_gmt":"2026-04-30T07:12:18","guid":{"rendered":"https:\/\/www.europesays.com\/de\/983809\/"},"modified":"2026-04-30T07:12:18","modified_gmt":"2026-04-30T07:12:18","slug":"asz-freimann-spaziergang-mit-koepfchen","status":"publish","type":"post","link":"https:\/\/www.europesays.com\/de\/983809\/","title":{"rendered":"ASZ Freimann: Spaziergang mit K\u00f6pfchen"},"content":{"rendered":"<p class=\"article-text\">Bewegung in der Natur ist nicht nur gut f\u00fcr die Seele und den K\u00f6rper, sondern auch f\u00fcr das Gehirn. \u201eIn Verbindung mit kreativen, abwechslungsreichen, \u00dcbungen und neuen Anreizen ist es ein Fest f\u00fcr die Sinne\u201d, teilt das ASZ Freimann mit. Der Spaziergang in der N\u00e4he des ASZ dauert &#8211; in ruhigem Schritttempo und mit Sitzgelegenheiten &#8211; etwa 1,5 Stunden. Die zertifizierte Ged\u00e4chtnistrainerin C\u00f3rdula Volkart Reindl leitet die Teilnehmenden an.<\/p>\n","protected":false},"excerpt":{"rendered":"Bewegung in der Natur ist nicht nur gut f\u00fcr die Seele und den K\u00f6rper, sondern auch f\u00fcr das&hellip;\n","protected":false},"author":2,"featured_media":36025,"comment_status":"","ping_status":"","sticky":false,"template":"","format":"standard","meta":{"footnotes":"","_share_on_mastodon":"0"},"categories":[1827],"tags":[772,29,2816,30,2489,1268,6237,6583],"class_list":["post-983809","post","type-post","status-publish","format-standard","has-post-thumbnail","category-muenchen","tag-bayern","tag-deutschland","tag-freimann","tag-germany","tag-kirche-gesellschaft","tag-muenchen","tag-natur","tag-senioren"],"share_on_mastodon":{"url":"https:\/\/pubeurope.com\/@de\/116492418860512345","error":""},"_links":{"self":[{"href":"https:\/\/www.europesays.com\/de\/wp-json\/wp\/v2\/posts\/983809","targetHints":{"allow":["GET"]}}],"collection":[{"href":"https:\/\/www.europesays.com\/de\/wp-json\/wp\/v2\/posts"}],"about":[{"href":"https:\/\/www.europesays.com\/de\/wp-json\/wp\/v2\/types\/post"}],"author":[{"embeddable":true,"href":"https:\/\/www.europesays.com\/de\/wp-json\/wp\/v2\/users\/2"}],"replies":[{"embeddable":true,"href":"https:\/\/www.europesays.com\/de\/wp-json\/wp\/v2\/comments?post=983809"}],"version-history":[{"count":0,"href":"https:\/\/www.europesays.com\/de\/wp-json\/wp\/v2\/posts\/983809\/revisions"}],"wp:featuredmedia":[{"embeddable":true,"href":"https:\/\/www.europesays.com\/de\/wp-json\/wp\/v2\/media\/36025"}],"wp:attachment":[{"href":"https:\/\/www.europesays.com\/de\/wp-json\/wp\/v2\/media?parent=983809"}],"wp:term":[{"taxonomy":"category","embeddable":true,"href":"https:\/\/www.europesays.com\/de\/wp-json\/wp\/v2\/categories?post=983809"},{"taxonomy":"post_tag","embeddable":true,"href":"https:\/\/www.europesays.com\/de\/wp-json\/wp\/v2\/tags?post=983809"}],"curies":[{"name":"wp","href":"https:\/\/api.w.org\/{rel}","templated":true}]}}