{"id":983865,"date":"2026-04-30T07:46:16","date_gmt":"2026-04-30T07:46:16","guid":{"rendered":"https:\/\/www.europesays.com\/de\/983865\/"},"modified":"2026-04-30T07:46:16","modified_gmt":"2026-04-30T07:46:16","slug":"wo-in-der-region-augsburg-ist-platz-fuer-windraeder","status":"publish","type":"post","link":"https:\/\/www.europesays.com\/de\/983865\/","title":{"rendered":"Wo in der Region Augsburg ist Platz f\u00fcr Windr\u00e4der?"},"content":{"rendered":"<p class=\"mb-6 text-xs md:text-m lg:text-l font-serif group-[.font-sans]:font-sans \">\n    Das Ziel steht fest: <a href=\"https:\/\/www.augsburger-allgemeine.de\/landsberg\/fuchstaler-buergermeister-wir-nehmen-durch-erneuerbare-energien-1-5-millionen-euro-im-jahr-ein-114021099\" target=\"_self\" class=\"underline \" rel=\"nofollow noopener\">Auf 1,8 Prozent der Fl\u00e4che in der Region sollen Windr\u00e4der gebaut werden k\u00f6nnen,<\/a> ebenso wie<a href=\"https:\/\/www.augsburger-allgemeine.de\/landsberg\/fuchstaler-buergermeister-wir-nehmen-durch-erneuerbare-energien-1-5-millionen-euro-im-jahr-ein-114021099\" target=\"_self\" class=\"underline \" rel=\"nofollow noopener\"> <\/a>im gesamten Freistaat. Die einzelnen Regionen m\u00fcssen dazu festlegen, welche Fl\u00e4chen f\u00fcr Windr\u00e4der reserviert werden sollen. Das muss bis zum Ende des Jahres 2032 geschehen sein. Es ist also noch etwas Zeit, meinen die einen. Anderen geht es nicht schnell genug. Im zust\u00e4ndigen Gremium, dem regionalen Planungsausschuss, entstand daher ein Streit \u00fcber das weitere Vorgehen.\n  <\/p>\n","protected":false},"excerpt":{"rendered":"Das Ziel steht fest: Auf 1,8 Prozent der Fl\u00e4che in der Region sollen Windr\u00e4der gebaut werden k\u00f6nnen, ebenso&hellip;\n","protected":false},"author":2,"featured_media":983866,"comment_status":"","ping_status":"","sticky":false,"template":"","format":"standard","meta":{"footnotes":"","_share_on_mastodon":"0"},"categories":[1846],"tags":[159659,680,772,3364,29,60181,548,663,3934,30,60255,13,137026,86740,137371,14,15,60716,213088,12,11718],"class_list":["post-983865","post","type-post","status-publish","format-standard","has-post-thumbnail","category-augsburg","tag-aichach-friedberg","tag-augsburg","tag-bayern","tag-de","tag-deutschland","tag-dillingen","tag-eu","tag-europa","tag-europe","tag-germany","tag-gremium","tag-headlines","tag-landkreis-augsburg","tag-landkreis-donau-ries","tag-martin-sailer","tag-nachrichten","tag-news","tag-planungsausschuss","tag-regionsflaeche","tag-schlagzeilen","tag-windrad"],"share_on_mastodon":{"url":"https:\/\/pubeurope.com\/@de\/116492552476937006","error":""},"_links":{"self":[{"href":"https:\/\/www.europesays.com\/de\/wp-json\/wp\/v2\/posts\/983865","targetHints":{"allow":["GET"]}}],"collection":[{"href":"https:\/\/www.europesays.com\/de\/wp-json\/wp\/v2\/posts"}],"about":[{"href":"https:\/\/www.europesays.com\/de\/wp-json\/wp\/v2\/types\/post"}],"author":[{"embeddable":true,"href":"https:\/\/www.europesays.com\/de\/wp-json\/wp\/v2\/users\/2"}],"replies":[{"embeddable":true,"href":"https:\/\/www.europesays.com\/de\/wp-json\/wp\/v2\/comments?post=983865"}],"version-history":[{"count":0,"href":"https:\/\/www.europesays.com\/de\/wp-json\/wp\/v2\/posts\/983865\/revisions"}],"wp:featuredmedia":[{"embeddable":true,"href":"https:\/\/www.europesays.com\/de\/wp-json\/wp\/v2\/media\/983866"}],"wp:attachment":[{"href":"https:\/\/www.europesays.com\/de\/wp-json\/wp\/v2\/media?parent=983865"}],"wp:term":[{"taxonomy":"category","embeddable":true,"href":"https:\/\/www.europesays.com\/de\/wp-json\/wp\/v2\/categories?post=983865"},{"taxonomy":"post_tag","embeddable":true,"href":"https:\/\/www.europesays.com\/de\/wp-json\/wp\/v2\/tags?post=983865"}],"curies":[{"name":"wp","href":"https:\/\/api.w.org\/{rel}","templated":true}]}}