{"id":983948,"date":"2026-04-30T08:42:20","date_gmt":"2026-04-30T08:42:20","guid":{"rendered":"https:\/\/www.europesays.com\/de\/983948\/"},"modified":"2026-04-30T08:42:20","modified_gmt":"2026-04-30T08:42:20","slug":"vortrag-im-asz-au-sicher-zuhause-allein-wohnen","status":"publish","type":"post","link":"https:\/\/www.europesays.com\/de\/983948\/","title":{"rendered":"Vortrag im ASZ Au: Sicher zuhause allein wohnen"},"content":{"rendered":"<p class=\"article-text\">Die Veranstaltung richtet sich sowohl an Senioren als auch an ihre Angeh\u00f6rigen und geht der Frage nach, was alles n\u00f6tig ist, um sicher allein zuhause wohnen zu k\u00f6nnen. Die Teilnehmenden erfahren alles \u00fcber Sturzgefahren und ihre Vermeidung, \u00fcber Wohnraumberatung, die Funktionsweise verschiedener Hausnotrufsysteme, sowie \u00fcber Voraussetzungen und Beantragungswege bei den Pflegekassen. <\/p>\n","protected":false},"excerpt":{"rendered":"Die Veranstaltung richtet sich sowohl an Senioren als auch an ihre Angeh\u00f6rigen und geht der Frage nach, was&hellip;\n","protected":false},"author":2,"featured_media":36025,"comment_status":"","ping_status":"","sticky":false,"template":"","format":"standard","meta":{"footnotes":"","_share_on_mastodon":"0"},"categories":[1827],"tags":[25846,137527,772,29,30,2489,1268,6583],"class_list":["post-983948","post","type-post","status-publish","format-standard","has-post-thumbnail","category-muenchen","tag-au-muenchen","tag-bauen-wohnen","tag-bayern","tag-deutschland","tag-germany","tag-kirche-gesellschaft","tag-muenchen","tag-senioren"],"share_on_mastodon":{"url":"https:\/\/pubeurope.com\/@de\/116492774013800270","error":""},"_links":{"self":[{"href":"https:\/\/www.europesays.com\/de\/wp-json\/wp\/v2\/posts\/983948","targetHints":{"allow":["GET"]}}],"collection":[{"href":"https:\/\/www.europesays.com\/de\/wp-json\/wp\/v2\/posts"}],"about":[{"href":"https:\/\/www.europesays.com\/de\/wp-json\/wp\/v2\/types\/post"}],"author":[{"embeddable":true,"href":"https:\/\/www.europesays.com\/de\/wp-json\/wp\/v2\/users\/2"}],"replies":[{"embeddable":true,"href":"https:\/\/www.europesays.com\/de\/wp-json\/wp\/v2\/comments?post=983948"}],"version-history":[{"count":0,"href":"https:\/\/www.europesays.com\/de\/wp-json\/wp\/v2\/posts\/983948\/revisions"}],"wp:featuredmedia":[{"embeddable":true,"href":"https:\/\/www.europesays.com\/de\/wp-json\/wp\/v2\/media\/36025"}],"wp:attachment":[{"href":"https:\/\/www.europesays.com\/de\/wp-json\/wp\/v2\/media?parent=983948"}],"wp:term":[{"taxonomy":"category","embeddable":true,"href":"https:\/\/www.europesays.com\/de\/wp-json\/wp\/v2\/categories?post=983948"},{"taxonomy":"post_tag","embeddable":true,"href":"https:\/\/www.europesays.com\/de\/wp-json\/wp\/v2\/tags?post=983948"}],"curies":[{"name":"wp","href":"https:\/\/api.w.org\/{rel}","templated":true}]}}