{"id":984002,"date":"2026-04-30T09:16:16","date_gmt":"2026-04-30T09:16:16","guid":{"rendered":"https:\/\/www.europesays.com\/de\/984002\/"},"modified":"2026-04-30T09:16:16","modified_gmt":"2026-04-30T09:16:16","slug":"rauch-ueber-moenchengladbach-neuwerk-brand-in-lackiererei","status":"publish","type":"post","link":"https:\/\/www.europesays.com\/de\/984002\/","title":{"rendered":"Rauch \u00fcber M\u00f6nchengladbach-Neuwerk \u2013 Brand in Lackiererei"},"content":{"rendered":"<p class=\"text_ohne_einzug richtext text-em-55 !leading-serif mx-6 desktop:mx-0\"> Derzeit l\u00e4uft ein Feuerwehreinsatz an der Engelblecker Stra\u00dfe. Das best\u00e4tigt der Direktionsdienst der <a href=\"https:\/\/rp-online.de\/thema\/feuerwehr\/\" rel=\"nofollow noopener\" target=\"_blank\">Feuerwehr<\/a> auf Anfrage unserer Redaktion. Grund ist demnach ein Brand in einer Lackiererei, der f\u00fcr eine gr\u00f6\u00dfere Rauchs\u00e4ule sorgt.<\/p>\n<p class=\"richtext text-em-55 !leading-serif mx-6 desktop:mx-0\">Die Polizei teilt mit, dass der Schornstein einer Firma an der Engelblecker Stra\u00dfe brenne. Die Stra\u00dfe sei zwischen dem Nordring und der Tonderner Stra\u00dfe gesperrt. In dem Bereich kommt es derzeit zu R\u00fcckstau. Die Beamten bitten darum, die Strecke zu umfahren.<\/p>\n","protected":false},"excerpt":{"rendered":"Derzeit l\u00e4uft ein Feuerwehreinsatz an der Engelblecker Stra\u00dfe. Das best\u00e4tigt der Direktionsdienst der Feuerwehr auf Anfrage unserer Redaktion.&hellip;\n","protected":false},"author":2,"featured_media":984003,"comment_status":"","ping_status":"","sticky":false,"template":"","format":"standard","meta":{"footnotes":"","_share_on_mastodon":"0"},"categories":[1849],"tags":[2919,3364,29,548,663,3934,30,13,213108,4455,14,24121,15,1209,12],"class_list":["post-984002","post","type-post","status-publish","format-standard","has-post-thumbnail","category-moenchengladbach","tag-brand","tag-de","tag-deutschland","tag-eu","tag-europa","tag-europe","tag-germany","tag-headlines","tag-lackiererei","tag-moenchengladbach","tag-nachrichten","tag-neuwerk","tag-news","tag-nordrhein-westfalen","tag-schlagzeilen"],"share_on_mastodon":{"url":"https:\/\/pubeurope.com\/@de\/116492906600968096","error":""},"_links":{"self":[{"href":"https:\/\/www.europesays.com\/de\/wp-json\/wp\/v2\/posts\/984002","targetHints":{"allow":["GET"]}}],"collection":[{"href":"https:\/\/www.europesays.com\/de\/wp-json\/wp\/v2\/posts"}],"about":[{"href":"https:\/\/www.europesays.com\/de\/wp-json\/wp\/v2\/types\/post"}],"author":[{"embeddable":true,"href":"https:\/\/www.europesays.com\/de\/wp-json\/wp\/v2\/users\/2"}],"replies":[{"embeddable":true,"href":"https:\/\/www.europesays.com\/de\/wp-json\/wp\/v2\/comments?post=984002"}],"version-history":[{"count":0,"href":"https:\/\/www.europesays.com\/de\/wp-json\/wp\/v2\/posts\/984002\/revisions"}],"wp:featuredmedia":[{"embeddable":true,"href":"https:\/\/www.europesays.com\/de\/wp-json\/wp\/v2\/media\/984003"}],"wp:attachment":[{"href":"https:\/\/www.europesays.com\/de\/wp-json\/wp\/v2\/media?parent=984002"}],"wp:term":[{"taxonomy":"category","embeddable":true,"href":"https:\/\/www.europesays.com\/de\/wp-json\/wp\/v2\/categories?post=984002"},{"taxonomy":"post_tag","embeddable":true,"href":"https:\/\/www.europesays.com\/de\/wp-json\/wp\/v2\/tags?post=984002"}],"curies":[{"name":"wp","href":"https:\/\/api.w.org\/{rel}","templated":true}]}}