{"id":984098,"date":"2026-04-30T10:11:27","date_gmt":"2026-04-30T10:11:27","guid":{"rendered":"https:\/\/www.europesays.com\/de\/984098\/"},"modified":"2026-04-30T10:11:27","modified_gmt":"2026-04-30T10:11:27","slug":"fc-bayern-vorbild-aus-oesterreich-der-neue-trainerplan-der-muenchener","status":"publish","type":"post","link":"https:\/\/www.europesays.com\/de\/984098\/","title":{"rendered":"FC Bayern: Vorbild aus \u00d6sterreich \u2013 der neue Trainerplan der M\u00fcnchener"},"content":{"rendered":"<p>Unter Trainer Vincent Kompany schaffen es beim FC Bayern viele Talente zu den Profis. K\u00fcnftig sollen es noch mehr werden. Der Klub besetzt zwei wichtige Stellen neu. Es ist der Startschuss f\u00fcr eine hoffnungsvolle Marschroute im Nachwuchsbereich.<\/p>\n<p data-external=\"Article.FirstParagraph\"><b>E<\/b>inen sch\u00f6neren Zeitpunkt f\u00fcr seine R\u00fcckkehr nach M\u00fcnchen h\u00e4tte sich Michael Wiesinger kaum ausmalen k\u00f6nnen. Als der FC Bayern beim 4:2 gegen <a class=\"is-link c-block-items__link c-link--rich-text-renderer\" href=\"https:\/\/sportdaten.welt.de\/fussball\/1bundesliga\/spiele-und-ergebnisse\/\" data-internal-tracking-enabled=\"true\" data-internal-tracking=\"{&quot;action&quot;:&quot;click&quot;,&quot;label&quot;:&quot;link&quot;,&quot;name&quot;:&quot;Inline Element&quot;,&quot;data&quot;:{&quot;source&quot;:&quot;&quot;,&quot;target&quot;:&quot;https:\/\/sportdaten.welt.de\/fussball\/1bundesliga\/spiele-und-ergebnisse\/&quot;,&quot;trackingName&quot;:&quot;&quot;,&quot;trackingLabel&quot;:&quot;&quot;}}\" rel=\"nofollow noopener\" target=\"_blank\">den VfB Stuttgart<\/a> vor eineinhalb Wochen die 35. Meisterschaft der Vereinsgeschichte klarmachte, war der ehemalige Profi des deutschen Fu\u00dfball-Rekordmeisters im M\u00fcnchner Stadion unter den Zuschauern. <\/p>\n<p>Lediglich zwei Tage sp\u00e4ter stellten die Bayern den 53-j\u00e4hrigen Wiesinger als neuen Campus-Sportchef vor. Der geb\u00fcrtige Burghausener kommt <a class=\"is-link c-block-items__link c-link--rich-text-renderer\" href=\"https:\/\/www.welt.de\/sport\/fussball\/\" data-internal-tracking-enabled=\"true\" data-internal-tracking=\"{&quot;action&quot;:&quot;click&quot;,&quot;label&quot;:&quot;link&quot;,&quot;name&quot;:&quot;Inline Element&quot;,&quot;data&quot;:{&quot;source&quot;:&quot;&quot;,&quot;target&quot;:&quot;https:\/\/www.welt.de\/sport\/fussball\/&quot;,&quot;trackingName&quot;:&quot;&quot;,&quot;trackingLabel&quot;:&quot;&quot;}}\" rel=\"nofollow noopener\" target=\"_blank\">vom 1. FC N\u00fcrnberg<\/a> und beerbt Markus Weinzierl, der k\u00fcnftig wieder als Trainer arbeiten m\u00f6chte.<\/p>\n<p>Die Ver\u00e4nderung an der Campus-Spitze ist nicht die einzige zur neuen Spielzeit. Holger Seitz wird sein Amt als Trainer der U23 niederlegen, den M\u00fcnchnern aber erhalten bleiben und in eine andere Position innerhalb des Vereins wechseln. Auch sein Nachfolger ist ein alter Bekannter: Dante gewann mit dem FC Bayern 2013 das erste Triple der Klubgeschichte. <\/p>\n<p>Das steckt hinter Bayerns Verpflichtung von Dante<\/p>\n<p>Beim franz\u00f6sischen Erstligaklub OGC Nizza beendet der Innenverteidiger nach Ablauf dieser Saison seine aktive Karriere. Seinen Trainerschein und die Pro-Lizenz des europ\u00e4ischen Verbandes Uefa hat Dante nebenbei l\u00e4ngst erworben. Jetzt kehrt der 42-J\u00e4hrige als Cheftrainer der U23 zum FC Bayern zur\u00fcck.<\/p>\n<p>Dahinter steckt mehr als nur die R\u00fcckholaktion eines Triple-Helden. Intern sehen die Bayern Dantes Verpflichtung als Startschuss f\u00fcr eine neue Marschroute. Das \u00fcber mehrere Monate hinweg ausget\u00fcftelte Zukunftsmodell sieht vor, dass k\u00fcnftig vor allem junge \u00dcbungsleiter die U23 des Deutschen Meisters \u00fcbernehmen sollen. Trainer, die noch am Anfang ihrer Karriere stehen und fr\u00fcher bestenfalls selbst beim FC Bayern gespielt haben. <\/p>\n<p>Die Idee dahinter: Die ehemaligen Profis sollen Erfahrung im Trainergesch\u00e4ft sammeln und bei Bayern die Chance bekommen, sich zu entwickeln \u2013 um danach den n\u00e4chsten Schritt zu gehen. <\/p>\n<p>Die M\u00fcnchner wollen keine Konstanz auf dem U23-Trainerposten, sondern ehemalige Spieler zu \u00dcbungsleitern ausbilden, von denen sie auch nach deren Abg\u00e4ngen noch profitieren k\u00f6nnen. Zum Beispiel durch deren Netzwerk oder Identifikation mit dem FC Bayern.<\/p>\n<p>Mitentscheidend f\u00fcr diese Weichenstellung soll nach Informationen dieser Redaktion <a class=\"is-link c-block-items__link c-link--rich-text-renderer\" href=\"https:\/\/www.welt.de\/sport\/fussball\/bundesliga\/\" data-internal-tracking-enabled=\"true\" data-internal-tracking=\"{&quot;action&quot;:&quot;click&quot;,&quot;label&quot;:&quot;link&quot;,&quot;name&quot;:&quot;Inline Element&quot;,&quot;data&quot;:{&quot;source&quot;:&quot;&quot;,&quot;target&quot;:&quot;https:\/\/www.welt.de\/sport\/fussball\/bundesliga\/&quot;,&quot;trackingName&quot;:&quot;&quot;,&quot;trackingLabel&quot;:&quot;&quot;}}\" rel=\"nofollow noopener\" target=\"_blank\">Bayerns Sportdirektor<\/a> Christoph Freund gewesen sein. Das Vorbild f\u00fcr die neue Marschrichtung: RB Salzburg, wo Freund vor seinem Wechsel nach M\u00fcnchen im Jahr 2023 acht Jahre lang als Sportdirektor gearbeitet hat. <\/p>\n<p>Auch Jochen Sauer, Bayerns Chefs des Nachwuchsleistungszentrums (NLZ), tr\u00e4gt das Modell mit. Ohnehin arbeitet Sauer mit Freund vertraut und eng zusammen. Die beiden kennen sich aus der gemeinsamen Zeit bei RB, dort war Sauer zwischen 2012 und 2017 Gesch\u00e4ftsf\u00fchrer.<\/p>\n<p>Hintergrund des neuen U23-Modells: In Salzburg standen in den vergangenen Jahren immer wieder Trainer an der Seitenlinie, die zuvor schon beim Partnerverein FC Liefering (2. \u00f6sterreichische Liga) t\u00e4tig gewesen waren. Die prominentesten Beispiele sind Matthias Jaissle, Thomas Letsch, Gerhard Struber und Peter Zeidler. Auch Oliver Glasner und Bo Svensson arbeiteten schon f\u00fcr Liefering, Marco Rose und Adi H\u00fctter starteten ihre Trainerlaufbahn im Salzburger RB-Kosmos.<\/p>\n<p>K\u00fcnftig wollen auch die Bayern Profit aus einem breit gef\u00e4cherten Trainer-Netzwerk ziehen. Mit Triple-Sieger Dante f\u00e4llt im Sommer der Startschuss f\u00fcr das neue Zukunftsmodell.<\/p>\n<p><b>Der Text wurde f\u00fcr das Sport-Kompetenzcenter (<\/b><a class=\"is-link c-block-items__link c-link--rich-text-renderer\" href=\"https:\/\/www.welt.de\/sport\/\" data-internal-tracking-enabled=\"true\" data-internal-tracking=\"{&quot;action&quot;:&quot;click&quot;,&quot;label&quot;:&quot;link&quot;,&quot;name&quot;:&quot;Inline Element&quot;,&quot;data&quot;:{&quot;source&quot;:&quot;&quot;,&quot;target&quot;:&quot;https:\/\/www.welt.de\/sport\/&quot;,&quot;trackingName&quot;:&quot;&quot;,&quot;trackingLabel&quot;:&quot;&quot;}}\" rel=\"nofollow noopener\" target=\"_blank\"><b>WELT, <\/b><\/a><a class=\"is-link c-block-items__link is-external c-link--rich-text-renderer\" href=\"https:\/\/www.bild.de\/sport\/startseite\/sport\/sport-home-15479124.bild.html\" rel=\"nofollow noopener\" data-internal-tracking-enabled=\"true\" data-internal-tracking=\"{&quot;action&quot;:&quot;click&quot;,&quot;label&quot;:&quot;link&quot;,&quot;name&quot;:&quot;Inline Element&quot;,&quot;data&quot;:{&quot;source&quot;:&quot;&quot;,&quot;target&quot;:&quot;https:\/\/www.bild.de\/sport\/startseite\/sport\/sport-home-15479124.bild.html&quot;,&quot;trackingName&quot;:&quot;&quot;,&quot;trackingLabel&quot;:&quot;&quot;}}\" target=\"_blank\"><b>\u201eBild\u201c<\/b><\/a><b>, <\/b><a class=\"is-link c-block-items__link is-external c-link--rich-text-renderer\" href=\"https:\/\/sportbild.bild.de\/\" rel=\"nofollow noopener\" data-internal-tracking-enabled=\"true\" data-internal-tracking=\"{&quot;action&quot;:&quot;click&quot;,&quot;label&quot;:&quot;link&quot;,&quot;name&quot;:&quot;Inline Element&quot;,&quot;data&quot;:{&quot;source&quot;:&quot;&quot;,&quot;target&quot;:&quot;https:\/\/sportbild.bild.de\/&quot;,&quot;trackingName&quot;:&quot;&quot;,&quot;trackingLabel&quot;:&quot;&quot;}}\" target=\"_blank\"><b>\u201eSport Bild\u201c<\/b><\/a><b>) erstellt und zuerst in der \u201eSport Bild\u201c ver\u00f6ffentlicht.<\/b><\/p>\n","protected":false},"excerpt":{"rendered":"Unter Trainer Vincent Kompany schaffen es beim FC Bayern viele Talente zu den Profis. K\u00fcnftig sollen es noch&hellip;\n","protected":false},"author":2,"featured_media":984099,"comment_status":"","ping_status":"","sticky":false,"template":"","format":"standard","meta":{"footnotes":"","_share_on_mastodon":"0"},"categories":[1827],"tags":[772,213135,29,458,347,9464,30,24908,1268,1655,45,5843,1288,24909,8691],"class_list":["post-984098","post","type-post","status-publish","format-standard","has-post-thumbnail","category-muenchen","tag-bayern","tag-dante","tag-deutschland","tag-fc-bayern-muenchen","tag-fussball","tag-fussballer","tag-germany","tag-hoeness","tag-muenchen","tag-rb-leipzig","tag-texttospeech","tag-trainer","tag-transfers","tag-uli","tag-wolff-julien"],"share_on_mastodon":{"url":"https:\/\/pubeurope.com\/@de\/116493122827825377","error":""},"_links":{"self":[{"href":"https:\/\/www.europesays.com\/de\/wp-json\/wp\/v2\/posts\/984098","targetHints":{"allow":["GET"]}}],"collection":[{"href":"https:\/\/www.europesays.com\/de\/wp-json\/wp\/v2\/posts"}],"about":[{"href":"https:\/\/www.europesays.com\/de\/wp-json\/wp\/v2\/types\/post"}],"author":[{"embeddable":true,"href":"https:\/\/www.europesays.com\/de\/wp-json\/wp\/v2\/users\/2"}],"replies":[{"embeddable":true,"href":"https:\/\/www.europesays.com\/de\/wp-json\/wp\/v2\/comments?post=984098"}],"version-history":[{"count":0,"href":"https:\/\/www.europesays.com\/de\/wp-json\/wp\/v2\/posts\/984098\/revisions"}],"wp:featuredmedia":[{"embeddable":true,"href":"https:\/\/www.europesays.com\/de\/wp-json\/wp\/v2\/media\/984099"}],"wp:attachment":[{"href":"https:\/\/www.europesays.com\/de\/wp-json\/wp\/v2\/media?parent=984098"}],"wp:term":[{"taxonomy":"category","embeddable":true,"href":"https:\/\/www.europesays.com\/de\/wp-json\/wp\/v2\/categories?post=984098"},{"taxonomy":"post_tag","embeddable":true,"href":"https:\/\/www.europesays.com\/de\/wp-json\/wp\/v2\/tags?post=984098"}],"curies":[{"name":"wp","href":"https:\/\/api.w.org\/{rel}","templated":true}]}}