{"id":984667,"date":"2026-04-30T16:03:22","date_gmt":"2026-04-30T16:03:22","guid":{"rendered":"https:\/\/www.europesays.com\/de\/984667\/"},"modified":"2026-04-30T16:03:22","modified_gmt":"2026-04-30T16:03:22","slug":"samuele-inacio-zuendet-beim-bvb-dario-scuderi-entdeckte-dortmunds-neues-super-talent-sport","status":"publish","type":"post","link":"https:\/\/www.europesays.com\/de\/984667\/","title":{"rendered":"Samuele In\u00e1cio z\u00fcndet beim BVB: Dario Scuderi entdeckte Dortmunds neues Super-Talent | Sport"},"content":{"rendered":"<p><a class=\"skip-content skip-content--link\" href=\"#in-content-skip-link-target-v-0-0\">TTS-Player \u00fcberspringen\u21b5<\/a><a id=\"in-content-skip-link-target-v-0-0\" class=\"skip-content--target-link-hidden skip-content skip-content--target-link\" href=\"#in-content-skip-link-target-v-0-0\">Artikel weiterlesen<\/a><\/p>\n<p><b>Diesen Namen m\u00fcssen sich BVB-Fans merken!<\/b><\/p>\n<p>Samuele In\u00e1cio (18) sorgt gerade f\u00fcr Aufsehen in Dortmund. Der Offensiv-Youngster stand beim 4:0 gegen Freiburg erstmals in der Startelf, spielte frech auf, suchte immer wieder den Abschluss \u2013 und wird intern l\u00e4ngst gefeiert. Einer, der den Unterschied machen kann.<\/p>\n<p>Und In\u00e1cio ist kein Zufallstreffer. Hinter Dortmunds wachsendem Italien-Fokus steckt ein Mann, der eigentlich im Hintergrund agiert: Dario Scuderi (28).<\/p>\n<p>Der fr\u00fchere BVB-Verteidiger arbeitet heute als Scout \u2013 und war an den Entdeckungen mehrerer Talente beteiligt. Er ist in vor allem im Ausland aktiv. Neben In\u00e1cio entdeckte er auch Luca Reggiani (18), der sich bis in die Profi-Mannschaft gearbeitet hat. Auch Filippo Man\u00e9 (19) wurde \u00fcber diesen Weg nach Dortmund geholt.<\/p>\n<p><img decoding=\"async\" width=\"992\" height=\"984\" alt=\"Hier noch als Spieler im BVB-Trikot: Dario Scuderi (28)\" src=\"https:\/\/www.europesays.com\/de\/wp-content\/uploads\/2026\/04\/e2d85d0ebe026b75e0a1aa418ed8473d,dd968057.jpeg\"   class=\"dynamic\" loading=\"lazy\"\/><\/p>\n<p class=\"fig__caption__text\">Hier noch als Spieler im BVB-Trikot: Dario Scuderi (28)<\/p>\n<p>Foto: imago\/Thomas Bielefeld<\/p>\n<p>Scuderi ist ein wichtiger Teil der Scoutingabteilung von Borussia Dortmund. Er sucht gezielt im Ausland nach den Stars von morgen. Technisch stark, taktisch geschult, fr\u00fch entwickelt \u2013 genau dieses Profil will Dortmund.<\/p>\n<p>Und Scuderi wei\u00df genau, worauf es ankommt. Denn er galt selbst einmal als gro\u00dfes Talent im Klub. U19-Nationalspieler, Leistungstr\u00e4ger in der Jugend, nah dran an den Profis \u2013 er h\u00e4tte selbst ein ganz Gro\u00dfer werden k\u00f6nnen. Er stand gemeinsam mit heutigen Weltstars wie Ousmane Demb\u00e9l\u00e9 (28) auf dem Platz. Das hilft ihm heute in seiner t\u00e4glichen Arbeit sehr.<\/p>\n<p>Doch 2016, im Youth-League-Spiel gegen Legia Warschau, zerfetzt er sich das Knie \u2013 Kreuzband, Au\u00dfenband, Meniskus. Mehrere Operationen folgen, der Traum vom Profi-Fu\u00dfball endet viel zu fr\u00fch.<\/p>\n<p>Mit nur 18 Jahren muss er aufgeben. Doch Scuderi arbeitet sich Schritt f\u00fcr Schritt ins Scouting ein \u2013 und ist heute ein wichtiger Teil des BVB-Netzwerks. Vom Top-Talent zum Talentsucher.<\/p>\n<p>Und er hat schon bewiesen, dass er ein gutes Auge hat: In\u00e1cio, Reggiani, Man\u00e9. Welche Talente kommen als N\u00e4chstes?<\/p>\n","protected":false},"excerpt":{"rendered":"TTS-Player \u00fcberspringen\u21b5Artikel weiterlesen Diesen Namen m\u00fcssen sich BVB-Fans merken! Samuele In\u00e1cio (18) sorgt gerade f\u00fcr Aufsehen in Dortmund.&hellip;\n","protected":false},"author":2,"featured_media":984668,"comment_status":"","ping_status":"","sticky":false,"template":"","format":"standard","meta":{"footnotes":"","_share_on_mastodon":"0"},"categories":[1833],"tags":[888,3364,29,217,538,347,30,5131,1209,803,819],"class_list":["post-984667","post","type-post","status-publish","format-standard","has-post-thumbnail","category-dortmund","tag-borussia-dortmund","tag-de","tag-deutschland","tag-dortmund","tag-erste-bundesliga","tag-fussball","tag-germany","tag-kovac-niko","tag-nordrhein-westfalen","tag-spielertransfer","tag-sport-leuchtturm-essen"],"share_on_mastodon":{"url":"https:\/\/pubeurope.com\/@de\/116494506862286130","error":""},"_links":{"self":[{"href":"https:\/\/www.europesays.com\/de\/wp-json\/wp\/v2\/posts\/984667","targetHints":{"allow":["GET"]}}],"collection":[{"href":"https:\/\/www.europesays.com\/de\/wp-json\/wp\/v2\/posts"}],"about":[{"href":"https:\/\/www.europesays.com\/de\/wp-json\/wp\/v2\/types\/post"}],"author":[{"embeddable":true,"href":"https:\/\/www.europesays.com\/de\/wp-json\/wp\/v2\/users\/2"}],"replies":[{"embeddable":true,"href":"https:\/\/www.europesays.com\/de\/wp-json\/wp\/v2\/comments?post=984667"}],"version-history":[{"count":0,"href":"https:\/\/www.europesays.com\/de\/wp-json\/wp\/v2\/posts\/984667\/revisions"}],"wp:featuredmedia":[{"embeddable":true,"href":"https:\/\/www.europesays.com\/de\/wp-json\/wp\/v2\/media\/984668"}],"wp:attachment":[{"href":"https:\/\/www.europesays.com\/de\/wp-json\/wp\/v2\/media?parent=984667"}],"wp:term":[{"taxonomy":"category","embeddable":true,"href":"https:\/\/www.europesays.com\/de\/wp-json\/wp\/v2\/categories?post=984667"},{"taxonomy":"post_tag","embeddable":true,"href":"https:\/\/www.europesays.com\/de\/wp-json\/wp\/v2\/tags?post=984667"}],"curies":[{"name":"wp","href":"https:\/\/api.w.org\/{rel}","templated":true}]}}