{"id":984781,"date":"2026-04-30T17:15:18","date_gmt":"2026-04-30T17:15:18","guid":{"rendered":"https:\/\/www.europesays.com\/de\/984781\/"},"modified":"2026-04-30T17:15:18","modified_gmt":"2026-04-30T17:15:18","slug":"exklusiv-mit-zaehnen-und-klauen-eu-zieht-rote-linie-im-handelsstreit-mit-china","status":"publish","type":"post","link":"https:\/\/www.europesays.com\/de\/984781\/","title":{"rendered":"Exklusiv: &#8222;Mit Z\u00e4hnen und Klauen&#8220; \u2013 EU zieht rote Linie im Handelsstreit mit China"},"content":{"rendered":"<p>In einem Interview mit Euronews warnte EU-Handelskommissar Maro\u0161 \u0160ef\u010dovi\u010d eindringlich, dass die Europ\u00e4ische Union nicht z\u00f6gern werde, ihre Industrien zu verteidigen, nachdem Peking m\u00f6gliche Vergeltungsma\u00dfnahmen gegen neue EU-Pl\u00e4ne zur St\u00e4rkung ihrer industriellen Basis angek\u00fcndigt hatte.<\/p>\n<p>          <img decoding=\"async\" class=\"c-ad__placeholder__logo\" src=\"https:\/\/static.euronews.com\/website\/images\/logos\/logo-euronews-stacked-outlined-72x72-grey-9.svg\" width=\"72\" height=\"72\" alt=\"\" loading=\"lazy\"\/><br \/>\n          WERBUNG<\/p>\n<p>          <img decoding=\"async\" class=\"c-ad__placeholder__logo\" src=\"https:\/\/static.euronews.com\/website\/images\/logos\/logo-euronews-stacked-outlined-72x72-grey-9.svg\" width=\"72\" height=\"72\" alt=\"\" loading=\"lazy\"\/><br \/>\n          WERBUNG<\/p>\n<p>China erh\u00f6hte in dieser Woche den Druck auf Br\u00fcssel und drohte mit Gegenma\u00dfnahmen, falls die EU nicht Kernelemente ihres &#8222;Made in Europe&#8220;-Vorschlags &#8211; der den Marktzugang f\u00fcr ausl\u00e4ndische Unternehmen erleichtern soll &#8211; und ihres Cybersicherheitsgesetzes, das letztlich die Pr\u00e4senz chinesischer Telekommunikationsunternehmen in der gesamten EU einschr\u00e4nken k\u00f6nnte, abschw\u00e4cht.<\/p>\n<p>Auf die Frage nach Chinas Reaktion auf die Ma\u00dfnahmen, die die EU als dringend notwendig bezeichnet, um ihre Souver\u00e4nit\u00e4t zu st\u00e4rken und gleiche Wettbewerbsbedingungen wiederherzustellen, sagte \u0160ef\u010dovi\u010d gegen\u00fcber Euronews, die EU werde die Interessen ihrer Unternehmen &#8222;immer&#8220; verteidigen.<\/p>\n<p>&#8222;Wir werden mit Z\u00e4hnen und Klauen f\u00fcr jeden europ\u00e4ischen Arbeitsplatz, f\u00fcr jedes europ\u00e4ische Unternehmen, f\u00fcr jeden offenen Sektor k\u00e4mpfen, wenn wir sehen, dass sie unfair behandelt werden&#8220;, sagte \u0160ef\u010dovi\u010d in einem exklusiven Interview mit Euronews am Freitag.<\/p>\n<p><strong>Aufbl\u00e4hendes Handelsdefizit zum Nachteil der EU<\/strong><\/p>\n<p>Die Beziehungen zwischen Br\u00fcssel und Peking haben sich im vergangenen Jahr drastisch verschlechtert. China hat die Exportkontrollen f\u00fcr seltene Erden versch\u00e4rft, die f\u00fcr die europ\u00e4ische Clean-Tech- und Verteidigungsindustrie von entscheidender Bedeutung sind, und die Ausfuhr von Chips, die f\u00fcr den Automobilsektor unverzichtbar sind, eingeschr\u00e4nkt, was den Druck auf die ohnehin schon anf\u00e4lligen Lieferketten in der gesamten EU verst\u00e4rkt hat.<\/p>\n<p>Als Reaktion darauf hat die EU Gesetzesvorschl\u00e4ge im Bereich der Cybersicherheit und der Binnenmarktregeln f\u00fcr Unternehmen vorgelegt, was China zu einer scharfen Reaktion veranlasste, das der EU unfaire Praktiken vorwarf. Anfang dieser Woche erkl\u00e4rte Peking, die EU d\u00fcrfe die &#8222;feste Entschlossenheit&#8220; Chinas, seine Interessen zu wahren, nicht untersch\u00e4tzen.<\/p>\n<p>\u0160ef\u010dovi\u010d wies die Vermutung zur\u00fcck, dass die j\u00fcngsten Entwicklungen auf einen drohenden Handelskrieg hindeuten, betonte jedoch, dass die EU nicht unter Druck stehe und erwarte, mit Respekt behandelt zu werden. &#8222;Wir drohen unseren Partnern niemals, und wir tun es schon gar nicht \u00fcber die Medien&#8220;, sagte er. &#8222;Was wir brauchen, ist strategische Geduld und eine gro\u00dfe Portion Mut&#8220;.<\/p>\n<p>Er sagte, ein &#8222;Krieg&#8220; sei oft leicht zu beginnen, aber schwer zu beenden. Ein chinesischer Beamter sagte Euronews, Peking wolle keine Eskalation des Handelsstreits, aber China nehme die seiner Meinung nach diskriminierenden Praktiken ernst. Die EU bestreitet die Diskriminierung.<\/p>\n<p>Der Handelschef der EU wies auf das wachsende Handelsdefizit zwischen den beiden Seiten hin, das Anlass zur Sorge gebe. Das Handelsdefizit zwischen der EU und China stieg im Jahr 2025 auf 359,3 Milliarden Euro, ein Wert, den \u0160ef\u010dovi\u010d als &#8222;einfach untragbar&#8220; bezeichnete und der keine Anzeichen f\u00fcr eine Verbesserung erkennen l\u00e4sst.<\/p>\n<p>Er sagte auch, dass die politischen Entscheidungstr\u00e4ger, das Europ\u00e4ische Parlament und die Wirtschaftsakteure in der EU &#8222;eine sehr starke wirtschaftliche und politische Reaktion&#8220; gezeigt h\u00e4tten, um das Handelsdefizit zu bek\u00e4mpfen.<\/p>\n<p>Bislang ist es Br\u00fcssel nicht gelungen, von Peking sinnvolle Zusagen f\u00fcr eine Neuausrichtung der Handelsbeziehungen zu erhalten. Gleichzeitig sind EU-Beamte zunehmend besorgt, dass chinesische Exporte &#8211; die durch h\u00f6here Z\u00f6lle vom US-Markt verdr\u00e4ngt werden &#8211; nach Europa umgeleitet werden. Br\u00fcssel verweist auch auf Chinas \u00dcberkapazit\u00e4ten, die Anlass zur Sorge geben.<\/p>\n<p>Die EU dr\u00e4ngt Peking nun, ernsthafte Verhandlungen aufzunehmen und konkrete Ergebnisse zu liefern.<\/p>\n<p>&#8222;Ich habe den chinesischen Au\u00dfenminister zu einem Besuch in Br\u00fcssel eingeladen, weil ich denke, dass wir eine sehr gr\u00fcndliche Bewertung der aktuellen Situation brauchen&#8220;, sagte \u0160ef\u010dovi\u010d gegen\u00fcber Euronews. &#8222;Was ich will, ist ein konstruktives Engagement.&#8220;<\/p>\n<p>Angesichts des Anstiegs der chinesischen Billigimporte setzt die EU auf handelspolitische Schutzinstrumente, um gegen die ihrer Ansicht nach gedumpten und stark subventionierten Waren vorzugehen, und \u00fcberwacht gleichzeitig die Bem\u00fchungen chinesischer Unternehmen, die Beschr\u00e4nkungen durch Verlagerung der Produktion ins Ausland zu umgehen. \u0160ef\u010dovi\u010d machte deutlich, dass sich die EU in diesen Fragen nicht zum R\u00fcckzug dr\u00e4ngen lassen wird.<\/p>\n<p>&#8222;In China gibt es eine sehr strenge Industriepolitik. Das Gleiche gilt f\u00fcr die USA, Kanada, Japan und Korea. Es sollte also niemanden \u00fcberraschen, wenn die Europ\u00e4ische Union in gleicher Weise reagiert &#8211; vor allem, wenn es um \u00f6ffentliche Gelder und \u00f6ffentliche Mittel geht.&#8220;<\/p>\n","protected":false},"excerpt":{"rendered":"In einem Interview mit Euronews warnte EU-Handelskommissar Maro\u0161 \u0160ef\u010dovi\u010d eindringlich, dass die Europ\u00e4ische Union nicht z\u00f6gern werde, ihre&hellip;\n","protected":false},"author":2,"featured_media":984782,"comment_status":"","ping_status":"","sticky":false,"template":"","format":"standard","meta":{"footnotes":"","_share_on_mastodon":"0"},"categories":[3933],"tags":[331,332,582,548,14503,9864,663,158,3934,3935,3986,13,7181,14,15,12],"class_list":["post-984781","post","type-post","status-publish","format-standard","has-post-thumbnail","category-eu","tag-aktuelle-nachrichten","tag-aktuelle-news","tag-automobilindustrie","tag-eu","tag-eu-china","tag-eu-politik","tag-europa","tag-europaeische-union","tag-europe","tag-european-union","tag-handel","tag-headlines","tag-maros-sefcovic","tag-nachrichten","tag-news","tag-schlagzeilen"],"share_on_mastodon":{"url":"https:\/\/pubeurope.com\/@de\/116494790109257785","error":""},"_links":{"self":[{"href":"https:\/\/www.europesays.com\/de\/wp-json\/wp\/v2\/posts\/984781","targetHints":{"allow":["GET"]}}],"collection":[{"href":"https:\/\/www.europesays.com\/de\/wp-json\/wp\/v2\/posts"}],"about":[{"href":"https:\/\/www.europesays.com\/de\/wp-json\/wp\/v2\/types\/post"}],"author":[{"embeddable":true,"href":"https:\/\/www.europesays.com\/de\/wp-json\/wp\/v2\/users\/2"}],"replies":[{"embeddable":true,"href":"https:\/\/www.europesays.com\/de\/wp-json\/wp\/v2\/comments?post=984781"}],"version-history":[{"count":0,"href":"https:\/\/www.europesays.com\/de\/wp-json\/wp\/v2\/posts\/984781\/revisions"}],"wp:featuredmedia":[{"embeddable":true,"href":"https:\/\/www.europesays.com\/de\/wp-json\/wp\/v2\/media\/984782"}],"wp:attachment":[{"href":"https:\/\/www.europesays.com\/de\/wp-json\/wp\/v2\/media?parent=984781"}],"wp:term":[{"taxonomy":"category","embeddable":true,"href":"https:\/\/www.europesays.com\/de\/wp-json\/wp\/v2\/categories?post=984781"},{"taxonomy":"post_tag","embeddable":true,"href":"https:\/\/www.europesays.com\/de\/wp-json\/wp\/v2\/tags?post=984781"}],"curies":[{"name":"wp","href":"https:\/\/api.w.org\/{rel}","templated":true}]}}