{"id":985200,"date":"2026-04-30T21:44:43","date_gmt":"2026-04-30T21:44:43","guid":{"rendered":"https:\/\/www.europesays.com\/de\/985200\/"},"modified":"2026-04-30T21:44:43","modified_gmt":"2026-04-30T21:44:43","slug":"schnelles-glasfaser-internet-fuer-1-400-weitere-grundstuecke-in-halle-haller-kreisblatt","status":"publish","type":"post","link":"https:\/\/www.europesays.com\/de\/985200\/","title":{"rendered":"Schnelles Glasfaser-Internet f\u00fcr 1.400 weitere Grundst\u00fccke in Halle | Haller Kreisblatt"},"content":{"rendered":"<p id=\"absatz1\" class=\"western\">Halle. \u201eDas war eine sehr positive Veranstaltung, die auf gro\u00dfes Interesse gesto\u00dfen ist\u201c, zieht Johannes Wiese wenige Tage sp\u00e4ter eine erste Bilanz. Der Gesch\u00e4ftsf\u00fchrer von Hallewestfalen.net hatte im Vorfeld nicht unbedingt mit weit \u00fcber 400 Besucherinnen und Besuchern gerechnet, die am vergangenen Donnerstag in der Gesamtschule an der Informationsveranstaltung zum gef\u00f6rderten Glasfaserausbau der sogenannten \u201egrauen Flecken\u201c teilnahmen. Doch k\u00f6nnen dadurch etwa 1.400 weitere Haushalte auf einen kostenlosen Glasfaseranschluss hoffen. \u00a0\u00a0<\/p>\n<p id=\"absatz2\" class=\"western\">Die Teilnehmerzahl zeigt, dass schnelles Internet heute f\u00fcr viele Firmen, aber auch angesichts von Home Office ebenso f\u00fcr Privatpersonen, ein nahezu unverzichtbares Ausstattungsmerkmal ihrer Immobilie ist. Angefangen hatte die hallewestfalen.net GmbH im Herbst 2016 als 100-prozentiges Tochterunternehmen der Stadt Halle. Der Auftrag lautete damals, einen zeitnahen Zugang zu maximal schnellem Internet zu erm\u00f6glichen.<\/p>\n<p id=\"absatz3\" class=\"em_text\">Zun\u00e4chst wurden die sogenannten \u201ewei\u00dfen Flecken\u201c, also Gebiete mit Datenraten von unter 30 Mbit\/s, an ein Glasfasernetz angeschlossen. Voraussetzung war, dass es sich um Bereiche handelte, in denen private Anbieter wie Telekom oder BiTEL aus wirtschaftlichen Gr\u00fcnden nicht in den Ausbau der Technik investieren wollten. Das Verlegen der Leitung bis zum Haus blieb dabei f\u00fcr den Immobilieneigent\u00fcmer kostenfrei.<\/p>\n<p>Rund 300 Adressen stehen derzeit noch auf der Kippe<\/p>\n<p>        <a href=\"https:\/\/www.haller-kreisblatt.de\/_em_daten\/_cache\/image\/1xRDhlVms3Mk03Y3o2VzVYUUVVNzVjVDNMdHNwdjZmWmhHWjlUVi94ZnBLTWJ6Y1M4a2xXYm5Yck52WkVmRGN4MTZvaEdLcHlGN3lBRU5TMnhveHd6bmp3U3ErTHUzZ0Mra2haRlRNWjdpd009\/260428-1859-891499466.jpg\" class=\"nw-article-image\" title=\"Die erste Infoveranstaltung wurde von den Haller B\u00fcrgerinnen und B\u00fcrger gut angenommen. Das Interesse war gro\u00df. Andreas Weiler und Nils Mattheis (Micus Strategieberatung GmbH, v.l.), die beiden Gesch\u00e4ftsf\u00fchrer der hallewestfalen.net Johannes Wiese und Bj\u00f6rn H\u00fcllbrock sowie B\u00fcrgermeister Thomas Tappe standen Rede und Antwort..\" data-glightbox=\"type: image; description: Die erste Infoveranstaltung wurde von den Haller B\u00fcrgerinnen und B\u00fcrger gut angenommen. Das Interesse war gro\u00df. Andreas Weiler und Nils Mattheis (Micus Strategieberatung GmbH, v.l.), die beiden Gesch\u00e4ftsf\u00fchrer der hallewestfalen.net Johannes Wiese und Bj\u00f6rn H\u00fcllbrock sowie B\u00fcrgermeister Thomas Tappe standen Rede und Antwort..  | \u00a9 Trust Communication\/hallewestfalen.net \" rel=\"nofollow noopener\" target=\"_blank\"><br \/>\n            <img decoding=\"async\" src=\"https:\/\/www.europesays.com\/de\/wp-content\/uploads\/2026\/04\/260428-1859-891499466.jpg\" class=\"nw-img-fluid nw-w-full nw-lazy nw-rounded-t-md\" alt=\"Die erste Infoveranstaltung wurde von den Haller B\u00fcrgerinnen und B\u00fcrger gut angenommen. Das Interesse war gro\u00df. Andreas Weiler und Nils Mattheis (Micus Strategieberatung GmbH, v.l.), die beiden Gesch\u00e4ftsf\u00fchrer der hallewestfalen.net Johannes Wiese und Bj\u00f6rn H\u00fcllbrock sowie B\u00fcrgermeister Thomas Tappe standen Rede und Antwort.. - \u00a9 Trust Communication\/hallewestfalen.net\" data-format=\"16:9\"\/><br \/>\n        <\/a><\/p>\n<p>                Die erste Infoveranstaltung wurde von den Haller B\u00fcrgerinnen und B\u00fcrger gut angenommen. Das Interesse war gro\u00df. Andreas Weiler und Nils Mattheis (Micus Strategieberatung GmbH, v.l.), die beiden Gesch\u00e4ftsf\u00fchrer der hallewestfalen.net Johannes Wiese und Bj\u00f6rn H\u00fcllbrock sowie B\u00fcrgermeister Thomas Tappe standen Rede und Antwort..<br \/>\n                                    | \u00a9 Trust Communication\/hallewestfalen.net<\/p>\n<p id=\"absatz5\" class=\"em_text\">Im n\u00e4chsten Schritt erschlie\u00dft Hallewestfalen.net nun die sogenannten \u201egrauen Flecken\u201c. Dabei handelt es sich um Objekte, in denen zwar bereits ein Netzbetreiber aktiv ist, die aktuellen Datenraten jedoch kleiner 300 Mbit\/s im Download liegen. Diese Gebiete liegen vor allem in Hesseln, H\u00f6rste, Bokel und K\u00fcnsebeck. Anfangs war nicht davon auszugehen, dass auch hier kostenlos Glasfaserkabel verlegt werden. Im November 2024 gab es dann aber nach einem vorhergehenden Negativbescheid doch noch die F\u00f6rderzusage f\u00fcr die besagten 1.400 Objekte.<\/p>\n<p id=\"absatz6\"><b class=\"bold\">Lesen Sie auch:<\/b> <a href=\"https:\/\/www.haller-kreisblatt.de\/lokal\/halle\/22058942_Kein-Glasfasernetz-fuer-den-Haller-Ratsherren.html\" rel=\"nofollow noopener\" target=\"_blank\">Klein Glasfasernetz f\u00fcr den Haller Ratsherren<\/a><\/p>\n<p id=\"absatz7\" class=\"em_text\">\u201eHinzu kommen noch etwa 300 weitere Adressen, bei denen aktuell noch Kl\u00e4rungsbedarf besteht\u201c, sagt Wiese. F\u00fcr diese werde im Sommer eine separate Informationsveranstaltung angeboten, zu der die betroffenen Objekteigent\u00fcmer rechtzeitig schriftlich eingeladen werden.<\/p>\n<p id=\"absatz8\" class=\"em_text\">Auf der Internetseite <a href=\"https:\/\/www.hallewestfalen.net\" target=\"_blank\" rel=\"nofollow noopener\">www.hallewestfalen.net<\/a> l\u00e4sst sich \u00fcberpr\u00fcfen, wer zu den Berechtigten f\u00fcr einen kostenlosen Glasfaseranschluss geh\u00f6rt. Nach Ausf\u00fcllen des Onlineformulars muss der Eigent\u00fcmer bis Ende Mai den Grundst\u00fccksnutzungsvertrag einreichen. \u201eDas ist wichtig. Liegt dieser Vertrag nicht vor, wird auch kein Bagger vorfahren\u201c, sagt Wiese. Zudem ist der Termin absolut fix: \u201eEnde Mai ist der Stichtag. Es wird keine Ausnahmen, keine Verl\u00e4ngerungen und keine weiteren Termine geben\u201c, sagt Wiese. Mit einem Baubeginn ist im Fr\u00fchjahr 2027 zu rechnen, bis Ende 2028 sollen die letzten grauen Flecken aus dem F\u00f6rdergebiet verschwunden sein.<\/p>\n<p>Stadt muss Kosten von 3,5 Millionen Euro tragen<\/p>\n<p id=\"absatz9\" class=\"em_text\">Bisher liegen, so Wiese, etwa 600 bis 700 Grundst\u00fccksnutzungsvertr\u00e4ge vor. Es ist also nach Luft nach oben. Bis Ende Mai ist es nicht mehr lange hin, zumal der Monate noch durch drei Feiertage durchbrochen wird. Insgesamt fallen f\u00fcr diese Ma\u00dfnahme Kosten in H\u00f6he von 14,2 Millionen Euro an. Da der Bund 50 Prozent und das Land NRW 30 Prozent \u00fcbernimmt, bleibt f\u00fcr die Stadt Halle ein Eigenanteil von rund 3,5 Millionen Euro (20 Prozent).<\/p>\n<p id=\"absatz10\"><b class=\"bold\">Lesen Sie auch: <\/b><a href=\"https:\/\/www.haller-kreisblatt.de\/lokal\/halle\/23198385_Konkurrenzlos-Warum-Haller-aktuell-nur-bei-der-Telekom-Glasfaser-bekommen.html\" rel=\"nofollow noopener\" target=\"_blank\">Warum Haller aktuell nur bei der Telekom Glasfaser bekommen<\/a><\/p>\n<p id=\"absatz11\" class=\"em_text\">Bei dem bereits abgeschlossenen Ausbau der \u201ewei\u00dfen Flecken\u201c, durch den 711 Adresse Glasfaserkabel erhielten, lag der Eigenanteil der Stadt bei zehn Prozent, die Kosten f\u00fcr die Tiefbauarbeiten und die Infrastruktur lagen damals bei knapp 19,5 Millionen Euro.<\/p>\n<p id=\"absatz12\" class=\"em_text\">Die Politik und die Verwaltung wollen mit dieser Initiative die Infrastruktur in der Stadt Halle zukunftsf\u00e4hig machen. Ziel ist es, auch den Bewohnerinnen und Bewohnern sowie Betrieben auf dem Land zu erm\u00f6glichen, k\u00fcnftig von zu Hause aus zu arbeiten oder anspruchsvolle Webapplikationen zu nutzen. Die hallewestfalen.net \u00fcbernimmt Planung, Leitungsnetz- und Stationsbau. Die aktive Netznutzung und Bereitstellung von Tarifen erfolgt durch den beauftragen P\u00e4chter.<\/p>\n<p id=\"absatz13\"><b class=\"bold\">Aktuelle News bekommen Sie t\u00e4glich \u00fcber den<\/b> <a href=\"https:\/\/whatsapp.com\/channel\/0029VagU0FW1SWsxhmHz2v0q\" rel=\"noopener nofollow\" target=\"_blank\">WhatsApp-Kanal des HK<\/a><\/p>\n","protected":false},"excerpt":{"rendered":"Halle. \u201eDas war eine sehr positive Veranstaltung, die auf gro\u00dfes Interesse gesto\u00dfen ist\u201c, zieht Johannes Wiese wenige Tage&hellip;\n","protected":false},"author":2,"featured_media":985201,"comment_status":"","ping_status":"","sticky":false,"template":"","format":"standard","meta":{"footnotes":"","_share_on_mastodon":"0"},"categories":[1841],"tags":[1605,102404,3364,11437,29,30,25632,4062,5411,1611,4280,198343,19081,164252,29716,1613,1209],"class_list":["post-985200","post","type-post","status-publish","format-standard","has-post-thumbnail","category-bielefeld","tag-bielefeld","tag-cnt_top-artikel","tag-de","tag-deutsche-telekom","tag-deutschland","tag-germany","tag-glasfaseranschluss","tag-halle","tag-immobilie","tag-label_informiere-mich","tag-label_l-120","tag-meta_artikelklasse_aboanker","tag-meta_copyrights_hk","tag-meta_eo_zusammenfassung","tag-meta_themen_netzwelt","tag-meta_userneeds_informieremich","tag-nordrhein-westfalen"],"share_on_mastodon":{"url":"https:\/\/pubeurope.com\/@de\/116495848727669997","error":""},"_links":{"self":[{"href":"https:\/\/www.europesays.com\/de\/wp-json\/wp\/v2\/posts\/985200","targetHints":{"allow":["GET"]}}],"collection":[{"href":"https:\/\/www.europesays.com\/de\/wp-json\/wp\/v2\/posts"}],"about":[{"href":"https:\/\/www.europesays.com\/de\/wp-json\/wp\/v2\/types\/post"}],"author":[{"embeddable":true,"href":"https:\/\/www.europesays.com\/de\/wp-json\/wp\/v2\/users\/2"}],"replies":[{"embeddable":true,"href":"https:\/\/www.europesays.com\/de\/wp-json\/wp\/v2\/comments?post=985200"}],"version-history":[{"count":0,"href":"https:\/\/www.europesays.com\/de\/wp-json\/wp\/v2\/posts\/985200\/revisions"}],"wp:featuredmedia":[{"embeddable":true,"href":"https:\/\/www.europesays.com\/de\/wp-json\/wp\/v2\/media\/985201"}],"wp:attachment":[{"href":"https:\/\/www.europesays.com\/de\/wp-json\/wp\/v2\/media?parent=985200"}],"wp:term":[{"taxonomy":"category","embeddable":true,"href":"https:\/\/www.europesays.com\/de\/wp-json\/wp\/v2\/categories?post=985200"},{"taxonomy":"post_tag","embeddable":true,"href":"https:\/\/www.europesays.com\/de\/wp-json\/wp\/v2\/tags?post=985200"}],"curies":[{"name":"wp","href":"https:\/\/api.w.org\/{rel}","templated":true}]}}